{"id":105,"date":"2016-02-12T00:00:00","date_gmt":"2016-02-12T00:00:00","guid":{"rendered":"http:\/\/www.sagnheimar.is\/margret-lara-i-sogu-og-supu-i-sagnheimum\/"},"modified":"2016-02-12T00:00:00","modified_gmt":"2016-02-12T00:00:00","slug":"margret-lara-i-sogu-og-supu-i-sagnheimum","status":"publish","type":"post","link":"https:\/\/www.sagnheimar.is\/en\/margret-lara-i-sogu-og-supu-i-sagnheimum\/","title":{"rendered":"Margr\u00e9t L\u00e1ra \u00ed S\u00f6gu og s\u00fapu \u00ed Sagnheimum"},"content":{"rendered":"<p>Sunnudaginn 21. febr\u00faar kl. 12 ver\u00f0ur bo\u00f0i\u00f0 upp \u00e1 S\u00f6gu og s\u00fapu \u00ed Sagnheimum, bygg\u00f0asafni.<\/p>\n<p>Margr\u00e9t&nbsp; L\u00e1ra Vi\u00f0arsd\u00f3ttir, landsli\u00f0skona flytur erindi\u00f0:<\/p>\n<p>,,Vi\u00f0 erum \u00fea\u00f0 sem vi\u00f0 hugsum.<\/p>\n<p>Hva\u00f0a hugarfar \u00fearf til a\u00f0 n\u00e1 markmi\u00f0um&nbsp;s\u00ednum og ver\u00f0a afreks\u00ed\u00fer\u00f3ttama\u00f0ur e\u00f0a n\u00e1 langt \u00e1 \u00f6\u00f0rum svi\u00f0um mannl\u00edfsins?<\/p>\n<p>Margr\u00e9t L\u00e1ra kynnir einnig helstu ni\u00f0urst\u00f6\u00f0ur&nbsp; ranns\u00f3kna sinna um kv\u00ed\u00f0a og \u00feunglyndiseinkenni hj\u00e1 \u00edslenskum atvinnum\u00f6nnum \u00ed bolta\u00ed\u00fer\u00f3ttum.<\/p>\n<p>Allir hjartanlega velkomnir!<\/p>\n<p>Dagskr\u00e1in er styrkt af SASS, samt\u00f6kum sunnlenskra sveitarf\u00e9laga.<\/p>\n<p>Vekjum einnig athygli \u00e1 a\u00f0 n\u00fa fara a\u00f0 ver\u00f0a s\u00ed\u00f0ustu forv\u00f6\u00f0 a\u00f0 sj\u00e1 s\u00fdninguna: ,,Eyjakonur \u00ed \u00ed\u00fer\u00f3ttum \u00ed eitt hundra\u00f0 \u00e1r&#8221;&nbsp;\u00ed Sagnheimum!<\/p>\n<p>&nbsp;<\/p>\n<p>&nbsp;<\/p>\n<p><\/p>\n","protected":false},"excerpt":{"rendered":"<p>Sunnudaginn 21. febr\u00faar kl. 12 ver\u00f0ur bo\u00f0i\u00f0 upp \u00e1 S\u00f6gu og s\u00fapu \u00ed Sagnheimum, bygg\u00f0asafni. Margr\u00e9t&nbsp; L\u00e1ra Vi\u00f0arsd\u00f3ttir, landsli\u00f0skona flytur erindi\u00f0: ,,Vi\u00f0 erum \u00fea\u00f0 sem vi\u00f0 hugsum. Hva\u00f0a hugarfar \u00fearf<\/p>\n","protected":false},"author":1,"featured_media":106,"comment_status":"closed","ping_status":"open","sticky":false,"template":"","format":"standard","meta":{"footnotes":""},"categories":[6],"tags":[],"class_list":["post-105","post","type-post","status-publish","format-standard","has-post-thumbnail","hentry","category-frettir-2016"],"_links":{"self":[{"href":"https:\/\/www.sagnheimar.is\/en\/wp-json\/wp\/v2\/posts\/105","targetHints":{"allow":["GET"]}}],"collection":[{"href":"https:\/\/www.sagnheimar.is\/en\/wp-json\/wp\/v2\/posts"}],"about":[{"href":"https:\/\/www.sagnheimar.is\/en\/wp-json\/wp\/v2\/types\/post"}],"author":[{"embeddable":true,"href":"https:\/\/www.sagnheimar.is\/en\/wp-json\/wp\/v2\/users\/1"}],"replies":[{"embeddable":true,"href":"https:\/\/www.sagnheimar.is\/en\/wp-json\/wp\/v2\/comments?post=105"}],"version-history":[{"count":0,"href":"https:\/\/www.sagnheimar.is\/en\/wp-json\/wp\/v2\/posts\/105\/revisions"}],"wp:featuredmedia":[{"embeddable":true,"href":"https:\/\/www.sagnheimar.is\/en\/wp-json\/wp\/v2\/media\/106"}],"wp:attachment":[{"href":"https:\/\/www.sagnheimar.is\/en\/wp-json\/wp\/v2\/media?parent=105"}],"wp:term":[{"taxonomy":"category","embeddable":true,"href":"https:\/\/www.sagnheimar.is\/en\/wp-json\/wp\/v2\/categories?post=105"},{"taxonomy":"post_tag","embeddable":true,"href":"https:\/\/www.sagnheimar.is\/en\/wp-json\/wp\/v2\/tags?post=105"}],"curies":[{"name":"wp","href":"https:\/\/api.w.org\/{rel}","templated":true}]}}