{"id":107,"date":"2016-02-09T00:00:00","date_gmt":"2016-02-09T00:00:00","guid":{"rendered":"http:\/\/www.sagnheimar.is\/sagnheimar-og-menningararfurinn\/"},"modified":"2016-02-09T00:00:00","modified_gmt":"2016-02-09T00:00:00","slug":"sagnheimar-og-menningararfurinn","status":"publish","type":"post","link":"https:\/\/www.sagnheimar.is\/en\/sagnheimar-og-menningararfurinn\/","title":{"rendered":"Sagnheimar og menningararfurinn"},"content":{"rendered":"<p>Sagnheimar fengu g\u00f3\u00f0a heims\u00f3kn fr\u00e1 \u00dej\u00f3\u00f0minjasafninu \u00ed s\u00ed\u00f0ustu viku. \u00dear var \u00e1 fer\u00f0 Nathalie Jacqueminet forv\u00f6r\u00f0ur sem f\u00f3r yfir h\u00fasn\u00e6\u00f0i Sagnheima, ekki s\u00edst geymslum\u00e1lin.&nbsp;N\u00fa er veri\u00f0 a\u00f0 \u00fatb\u00faa n\u00fdja geymslu \u00e1 loftinu \u00ed Mi\u00f0st\u00f6\u00f0inni. Gera \u00fearf verk\u00e1\u00e6tlun, m\u00e6la hita- og rakastig, lj\u00f3smagn, athuga&nbsp;brunabo\u00f0a, reikna \u00fat og skipuleggja hillum\u00e1l \u00e1\u00f0ur en h\u00e6gt ver\u00f0ur a\u00f0 fara \u00ed a\u00f0 ra\u00f0a mununum upp \u00e1 skipulag\u00f0an h\u00e1tt, mynda og skr\u00e1. Leynast ef til vill n\u00fdir m\u00f6guleikar \u00e1 loftinu?&nbsp;\u00c1 sama t\u00edma eru Sagnheimar a\u00f0 gera \u00e1tak \u00ed a\u00f0 skr\u00e1 muni safnsins \u00ed Sarp, rafr\u00e6nan gagnagrunn safna og ver\u00f0ur spennandi a\u00f0 geta s\u00fdnt muni safnsins l\u00edka \u00e1 \u00feeim vettvangi. \u00d3metanlegt er a\u00f0 hafa a\u00f0gang a\u00f0 s\u00e9rfr\u00e6\u00f0ingum eins og Nathalie, sem gerir alla vinnu markvissari og fumlausari.<\/p>\n<p>H\u00e9r \u00e1 myndinni m\u00e1 sj\u00e1 Nathalie fr\u00e1 \u00dej\u00f3\u00f0minjasafninu og Georg Sk\u00e6ringsson fr\u00e1 \u00deekkingarsetrinu \u00e1 vettvangi.<\/p>\n<p><\/p>\n","protected":false},"excerpt":{"rendered":"<p>Sagnheimar fengu g\u00f3\u00f0a heims\u00f3kn fr\u00e1 \u00dej\u00f3\u00f0minjasafninu \u00ed s\u00ed\u00f0ustu viku. \u00dear var \u00e1 fer\u00f0 Nathalie Jacqueminet forv\u00f6r\u00f0ur sem f\u00f3r yfir h\u00fasn\u00e6\u00f0i Sagnheima, ekki s\u00edst geymslum\u00e1lin.&nbsp;N\u00fa er veri\u00f0 a\u00f0 \u00fatb\u00faa n\u00fdja geymslu<\/p>\n","protected":false},"author":1,"featured_media":108,"comment_status":"closed","ping_status":"open","sticky":false,"template":"","format":"standard","meta":{"footnotes":""},"categories":[6],"tags":[],"class_list":["post-107","post","type-post","status-publish","format-standard","has-post-thumbnail","hentry","category-frettir-2016"],"_links":{"self":[{"href":"https:\/\/www.sagnheimar.is\/en\/wp-json\/wp\/v2\/posts\/107","targetHints":{"allow":["GET"]}}],"collection":[{"href":"https:\/\/www.sagnheimar.is\/en\/wp-json\/wp\/v2\/posts"}],"about":[{"href":"https:\/\/www.sagnheimar.is\/en\/wp-json\/wp\/v2\/types\/post"}],"author":[{"embeddable":true,"href":"https:\/\/www.sagnheimar.is\/en\/wp-json\/wp\/v2\/users\/1"}],"replies":[{"embeddable":true,"href":"https:\/\/www.sagnheimar.is\/en\/wp-json\/wp\/v2\/comments?post=107"}],"version-history":[{"count":0,"href":"https:\/\/www.sagnheimar.is\/en\/wp-json\/wp\/v2\/posts\/107\/revisions"}],"wp:featuredmedia":[{"embeddable":true,"href":"https:\/\/www.sagnheimar.is\/en\/wp-json\/wp\/v2\/media\/108"}],"wp:attachment":[{"href":"https:\/\/www.sagnheimar.is\/en\/wp-json\/wp\/v2\/media?parent=107"}],"wp:term":[{"taxonomy":"category","embeddable":true,"href":"https:\/\/www.sagnheimar.is\/en\/wp-json\/wp\/v2\/categories?post=107"},{"taxonomy":"post_tag","embeddable":true,"href":"https:\/\/www.sagnheimar.is\/en\/wp-json\/wp\/v2\/tags?post=107"}],"curies":[{"name":"wp","href":"https:\/\/api.w.org\/{rel}","templated":true}]}}