{"id":12454,"date":"2018-07-04T11:45:00","date_gmt":"2018-07-04T11:45:00","guid":{"rendered":"http:\/\/www.sagnheimar.is\/?p=12454"},"modified":"2018-09-21T11:46:41","modified_gmt":"2018-09-21T11:46:41","slug":"goslokahatid-2018-sagnheimar-og-safnahus","status":"publish","type":"post","link":"https:\/\/www.sagnheimar.is\/en\/goslokahatid-2018-sagnheimar-og-safnahus\/","title":{"rendered":"Goslokah\u00e1t\u00ed\u00f0 2018 &#8211; Sagnheimar og Safnah\u00fas"},"content":{"rendered":"<p>Goslokah\u00e1t\u00ed\u00f0 okkar Eyjamanna ver\u00f0ur 5.-8. j\u00fal\u00ed og er \u00fdmislegt \u00ed bo\u00f0i a\u00f0 vanda.<\/p>\n<p>Fimmtudaginn kl. 17:15 &#8211; Ger\u00f0ur G. Sigur\u00f0ard\u00f3ttir opnar m\u00e1lverks\u00fdningu s\u00edna \u00ed Einarsstofu Safnah\u00fass.<\/p>\n<p>Laugardaginn kl. 11:00 &#8211; Samtal kynsl\u00f3\u00f0a, upplifun af gosinu. Spjallstund me\u00f0 Gu\u00f0r\u00fanu Erlingsd\u00f3ttur \u00ed Sagnheimum.<\/p>\n<p>Laugardaginn kl. 14:00. 50 \u00e1r fr\u00e1 fyrstu vatnslei\u00f0slunni til Eyja &#8211; \u00fea\u00f0 kom me\u00f0 kalda vatninu. Fari\u00f0 yfir s\u00f6guna, erindi, pallbor\u00f0, stutt kvikmynd. Sagnheimar &#8211; bryggjusv\u00e6\u00f0i.<\/p>\n<p>Opi\u00f0 ver\u00f0ur \u00ed Einarsstofu alla helgina kl. 10-17.<\/p>\n<p>Hef\u00f0bundin sumaropnun \u00ed Sagnheimum, daglega kl. 10-17. Fr\u00edtt inn \u00e1 vi\u00f0bur\u00f0i laugardags.<\/p>\n<p>Allir hjartanlega velkomnir.<\/p>\n","protected":false},"excerpt":{"rendered":"<p>Goslokah\u00e1t\u00ed\u00f0 okkar Eyjamanna ver\u00f0ur 5.-8. j\u00fal\u00ed og er \u00fdmislegt \u00ed bo\u00f0i a\u00f0 vanda. Fimmtudaginn kl. 17:15 &#8211; Ger\u00f0ur G. Sigur\u00f0ard\u00f3ttir opnar m\u00e1lverks\u00fdningu s\u00edna \u00ed Einarsstofu Safnah\u00fass. Laugardaginn kl. 11:00 &#8211;<\/p>\n","protected":false},"author":1,"featured_media":12455,"comment_status":"closed","ping_status":"open","sticky":false,"template":"","format":"standard","meta":{"footnotes":""},"categories":[12],"tags":[],"class_list":["post-12454","post","type-post","status-publish","format-standard","has-post-thumbnail","hentry","category-frettir-2018"],"_links":{"self":[{"href":"https:\/\/www.sagnheimar.is\/en\/wp-json\/wp\/v2\/posts\/12454","targetHints":{"allow":["GET"]}}],"collection":[{"href":"https:\/\/www.sagnheimar.is\/en\/wp-json\/wp\/v2\/posts"}],"about":[{"href":"https:\/\/www.sagnheimar.is\/en\/wp-json\/wp\/v2\/types\/post"}],"author":[{"embeddable":true,"href":"https:\/\/www.sagnheimar.is\/en\/wp-json\/wp\/v2\/users\/1"}],"replies":[{"embeddable":true,"href":"https:\/\/www.sagnheimar.is\/en\/wp-json\/wp\/v2\/comments?post=12454"}],"version-history":[{"count":1,"href":"https:\/\/www.sagnheimar.is\/en\/wp-json\/wp\/v2\/posts\/12454\/revisions"}],"predecessor-version":[{"id":12459,"href":"https:\/\/www.sagnheimar.is\/en\/wp-json\/wp\/v2\/posts\/12454\/revisions\/12459"}],"wp:featuredmedia":[{"embeddable":true,"href":"https:\/\/www.sagnheimar.is\/en\/wp-json\/wp\/v2\/media\/12455"}],"wp:attachment":[{"href":"https:\/\/www.sagnheimar.is\/en\/wp-json\/wp\/v2\/media?parent=12454"}],"wp:term":[{"taxonomy":"category","embeddable":true,"href":"https:\/\/www.sagnheimar.is\/en\/wp-json\/wp\/v2\/categories?post=12454"},{"taxonomy":"post_tag","embeddable":true,"href":"https:\/\/www.sagnheimar.is\/en\/wp-json\/wp\/v2\/tags?post=12454"}],"curies":[{"name":"wp","href":"https:\/\/api.w.org\/{rel}","templated":true}]}}