{"id":12959,"date":"2019-04-23T13:04:26","date_gmt":"2019-04-23T13:04:26","guid":{"rendered":"http:\/\/www.sagnheimar.is\/?p=12959"},"modified":"2022-04-19T09:09:58","modified_gmt":"2022-04-19T09:09:58","slug":"sagaog-supa-eftirlystir","status":"publish","type":"post","link":"https:\/\/www.sagnheimar.is\/en\/sagaog-supa-eftirlystir\/","title":{"rendered":"Saga og s\u00fapa \u00ed Sagnheimum &#8211; sunnudaginn 28. apr\u00edl &#8211; ath. breyttan t\u00edma!"},"content":{"rendered":"<div class=\"wpb-content-wrapper\"><p>[vc_row][vc_column][dfd_heading subtitle=&#8221;&#8221; delimiter_settings=&#8221;delimiter_style:solid|delimiter_width:80|delimiter_height:1&#8243; title_font_options=&#8221;tag:h2&#8243; subtitle_font_options=&#8221;tag:div&#8221; tutorials=&#8221;&#8221;]<\/p>\n<p style=\"text-align: center;\"><strong>Eftirl\u00fdstir \u00cdslendingar \u00e1 17. og 18. \u00f6ld: S\u00fapa, fyrirlestur og s\u00fdningaropnun. Samstarfsverkefni Myndlistask\u00f3lans \u00ed Reykjav\u00edk, Sagnheima og Dan\u00edels G. Dan\u00edelssonar sagnfr\u00e6\u00f0inema vi\u00f0 H.\u00cd.<\/strong><\/p>\n<p>[\/dfd_heading][vc_column_text css=&#8221;.vc_custom_1556024390894{padding-bottom: 22px !important;}&#8221;]<\/p>\n<p style=\"text-align: center;\"><strong>Samstarf Myndlistask\u00f3lans og Dan\u00edels spratt upp \u00far ranns\u00f3knum fyrir verkefni\u00f0 ,,F\u00f6tlun fyrir t\u00edma f\u00f6tlunar&#8221; sumari\u00f0 2018.\u00a0 \u00cd fyrirlestrinum kynnir Dan\u00edel ranns\u00f3knir s\u00ednar og dregur fram \u00ed dagslj\u00f3si\u00f0 nokkra eftirl\u00fdsta Eyjamenn og -konur.<\/strong><\/p>\n<p>A\u00f0 loknum fyrirlestri opnar Dan\u00edel s\u00fdningu \u00ed Einarsstofu, sem samanstendur af 30 teikningum nemenda vi\u00f0 Myndlistask\u00f3lann. Myndirnar eru unnar upp \u00far mannl\u00fdsingum \u00ed Al\u00feingisb\u00f3kum \u00cdslands (1570-1800), sem \u00fej\u00f3nu\u00f0u \u00feeim tilgangi a\u00f0 geta bori\u00f0 kennsl \u00e1 strokuf\u00f3lk og \u00f3skilamenn \u00e1 \u00cdslandi.<\/p>\n<p style=\"text-align: center;\">Allir hjartanlega velkomnir!<\/p>\n<p>[\/vc_column_text][vc_column_text css=&#8221;.vc_custom_1549115321643{padding-top: 22px !important;}&#8221;][\/vc_column_text][\/vc_column][\/vc_row][vc_row][vc_column width=&#8221;2\/3&#8243;][dfd_heading subtitle=&#8221;&#8221; delimiter_settings=&#8221;delimiter_style:solid|delimiter_width:80|delimiter_height:1&#8243; title_font_options=&#8221;tag:h2&#8243; subtitle_font_options=&#8221;tag:div&#8221;][\/dfd_heading][vc_column_text css=&#8221;.vc_custom_1539957047944{padding-bottom: 22px !important;}&#8221;][\/vc_column_text][vc_column_text css=&#8221;.vc_custom_1539957060743{padding-top: 22px !important;}&#8221;][\/vc_column_text][\/vc_column][vc_column width=&#8221;1\/3&#8243;][\/vc_column][\/vc_row]<\/p>\n<\/div>","protected":false},"excerpt":{"rendered":"<p>[vc_row][vc_column][dfd_heading subtitle=&#8221;&#8221; delimiter_settings=&#8221;delimiter_style:solid|delimiter_width:80|delimiter_height:1&#8243; title_font_options=&#8221;tag:h2&#8243; subtitle_font_options=&#8221;tag:div&#8221; tutorials=&#8221;&#8221;] Eftirl\u00fdstir \u00cdslendingar \u00e1 17. og 18. \u00f6ld: S\u00fapa, fyrirlestur og s\u00fdningaropnun. Samstarfsverkefni Myndlistask\u00f3lans \u00ed Reykjav\u00edk, Sagnheima og Dan\u00edels G. Dan\u00edelssonar sagnfr\u00e6\u00f0inema vi\u00f0 H.\u00cd. [\/dfd_heading][vc_column_text<\/p>\n","protected":false},"author":6,"featured_media":12953,"comment_status":"closed","ping_status":"closed","sticky":false,"template":"","format":"standard","meta":{"footnotes":""},"categories":[38,34],"tags":[],"class_list":["post-12959","post","type-post","status-publish","format-standard","has-post-thumbnail","hentry","category-frettir-2019","category-vidburdir"],"_links":{"self":[{"href":"https:\/\/www.sagnheimar.is\/en\/wp-json\/wp\/v2\/posts\/12959","targetHints":{"allow":["GET"]}}],"collection":[{"href":"https:\/\/www.sagnheimar.is\/en\/wp-json\/wp\/v2\/posts"}],"about":[{"href":"https:\/\/www.sagnheimar.is\/en\/wp-json\/wp\/v2\/types\/post"}],"author":[{"embeddable":true,"href":"https:\/\/www.sagnheimar.is\/en\/wp-json\/wp\/v2\/users\/6"}],"replies":[{"embeddable":true,"href":"https:\/\/www.sagnheimar.is\/en\/wp-json\/wp\/v2\/comments?post=12959"}],"version-history":[{"count":1,"href":"https:\/\/www.sagnheimar.is\/en\/wp-json\/wp\/v2\/posts\/12959\/revisions"}],"predecessor-version":[{"id":12960,"href":"https:\/\/www.sagnheimar.is\/en\/wp-json\/wp\/v2\/posts\/12959\/revisions\/12960"}],"wp:featuredmedia":[{"embeddable":true,"href":"https:\/\/www.sagnheimar.is\/en\/wp-json\/wp\/v2\/media\/12953"}],"wp:attachment":[{"href":"https:\/\/www.sagnheimar.is\/en\/wp-json\/wp\/v2\/media?parent=12959"}],"wp:term":[{"taxonomy":"category","embeddable":true,"href":"https:\/\/www.sagnheimar.is\/en\/wp-json\/wp\/v2\/categories?post=12959"},{"taxonomy":"post_tag","embeddable":true,"href":"https:\/\/www.sagnheimar.is\/en\/wp-json\/wp\/v2\/tags?post=12959"}],"curies":[{"name":"wp","href":"https:\/\/api.w.org\/{rel}","templated":true}]}}