{"id":12970,"date":"2019-04-30T12:48:21","date_gmt":"2019-04-30T12:48:21","guid":{"rendered":"http:\/\/www.sagnheimar.is\/?p=12970"},"modified":"2022-04-19T09:10:21","modified_gmt":"2022-04-19T09:10:21","slug":"eftirlystir-syning","status":"publish","type":"post","link":"https:\/\/www.sagnheimar.is\/en\/eftirlystir-syning\/","title":{"rendered":"Eftirl\u00fdstir \u00cdslendingar \u00ed Einarsstofu &#8211; ekki missa af \u00feessu!"},"content":{"rendered":"<div class=\"wpb-content-wrapper\"><p>[vc_row][vc_column][dfd_heading subtitle=&#8221;&#8221; delimiter_settings=&#8221;delimiter_style:solid|delimiter_width:80|delimiter_height:1&#8243; title_font_options=&#8221;tag:h2&#8243; subtitle_font_options=&#8221;tag:div&#8221; tutorials=&#8221;&#8221;]<\/p>\n<p style=\"text-align: center;\"><strong>Eftirl\u00fdstir \u00cdslendingar \u00e1 17. og 18. \u00f6ld:\u00a0 Samstarfsverkefni Myndlistask\u00f3lans og Dan\u00edels G. Dan\u00edelssonar sagnfr\u00e6\u00f0inema vi\u00f0 H.\u00cd. S\u00fdningin opin alla daga kl. 10-17 til 7. ma\u00ed.<\/strong><\/p>\n<p>[\/dfd_heading][vc_column_text css=&#8221;.vc_custom_1556628330597{padding-bottom: 22px !important;}&#8221;][\/vc_column_text][vc_column_text css=&#8221;.vc_custom_1549115321643{padding-top: 22px !important;}&#8221;][\/vc_column_text][\/vc_column][\/vc_row][vc_row][vc_column width=&#8221;2\/3&#8243;][dfd_heading subtitle=&#8221;&#8221; delimiter_settings=&#8221;delimiter_style:solid|delimiter_width:80|delimiter_height:1&#8243; title_font_options=&#8221;tag:h2&#8243; subtitle_font_options=&#8221;tag:div&#8221;][\/dfd_heading][vc_column_text css=&#8221;.vc_custom_1539957047944{padding-bottom: 22px !important;}&#8221;][\/vc_column_text][vc_column_text css=&#8221;.vc_custom_1539957060743{padding-top: 22px !important;}&#8221;][\/vc_column_text][\/vc_column][vc_column width=&#8221;1\/3&#8243;][\/vc_column][\/vc_row]<\/p>\n<\/div>","protected":false},"excerpt":{"rendered":"<p>[vc_row][vc_column][dfd_heading subtitle=&#8221;&#8221; delimiter_settings=&#8221;delimiter_style:solid|delimiter_width:80|delimiter_height:1&#8243; title_font_options=&#8221;tag:h2&#8243; subtitle_font_options=&#8221;tag:div&#8221; tutorials=&#8221;&#8221;] Eftirl\u00fdstir \u00cdslendingar \u00e1 17. og 18. \u00f6ld:\u00a0 Samstarfsverkefni Myndlistask\u00f3lans og Dan\u00edels G. Dan\u00edelssonar sagnfr\u00e6\u00f0inema vi\u00f0 H.\u00cd. S\u00fdningin opin alla daga kl. 10-17 til 7.<\/p>\n","protected":false},"author":6,"featured_media":12964,"comment_status":"closed","ping_status":"closed","sticky":false,"template":"","format":"standard","meta":{"footnotes":""},"categories":[38,34],"tags":[],"class_list":["post-12970","post","type-post","status-publish","format-standard","has-post-thumbnail","hentry","category-frettir-2019","category-vidburdir"],"_links":{"self":[{"href":"https:\/\/www.sagnheimar.is\/en\/wp-json\/wp\/v2\/posts\/12970","targetHints":{"allow":["GET"]}}],"collection":[{"href":"https:\/\/www.sagnheimar.is\/en\/wp-json\/wp\/v2\/posts"}],"about":[{"href":"https:\/\/www.sagnheimar.is\/en\/wp-json\/wp\/v2\/types\/post"}],"author":[{"embeddable":true,"href":"https:\/\/www.sagnheimar.is\/en\/wp-json\/wp\/v2\/users\/6"}],"replies":[{"embeddable":true,"href":"https:\/\/www.sagnheimar.is\/en\/wp-json\/wp\/v2\/comments?post=12970"}],"version-history":[{"count":1,"href":"https:\/\/www.sagnheimar.is\/en\/wp-json\/wp\/v2\/posts\/12970\/revisions"}],"predecessor-version":[{"id":12971,"href":"https:\/\/www.sagnheimar.is\/en\/wp-json\/wp\/v2\/posts\/12970\/revisions\/12971"}],"wp:featuredmedia":[{"embeddable":true,"href":"https:\/\/www.sagnheimar.is\/en\/wp-json\/wp\/v2\/media\/12964"}],"wp:attachment":[{"href":"https:\/\/www.sagnheimar.is\/en\/wp-json\/wp\/v2\/media?parent=12970"}],"wp:term":[{"taxonomy":"category","embeddable":true,"href":"https:\/\/www.sagnheimar.is\/en\/wp-json\/wp\/v2\/categories?post=12970"},{"taxonomy":"post_tag","embeddable":true,"href":"https:\/\/www.sagnheimar.is\/en\/wp-json\/wp\/v2\/tags?post=12970"}],"curies":[{"name":"wp","href":"https:\/\/api.w.org\/{rel}","templated":true}]}}