{"id":135,"date":"2015-08-12T00:00:00","date_gmt":"2015-08-12T00:00:00","guid":{"rendered":"http:\/\/www.sagnheimar.is\/byggdasofn-a-islandi-sagnheimar\/"},"modified":"2015-08-12T00:00:00","modified_gmt":"2015-08-12T00:00:00","slug":"byggdasofn-a-islandi-sagnheimar","status":"publish","type":"post","link":"https:\/\/www.sagnheimar.is\/en\/byggdasofn-a-islandi-sagnheimar\/","title":{"rendered":"Bygg\u00f0as\u00f6fn \u00e1 \u00cdslandi &#8211; Sagnheimar"},"content":{"rendered":"<p>\u00c1 vegum Ranns\u00f3knaseturs \u00ed safnafr\u00e6\u00f0um vi\u00f0 H\u00e1sk\u00f3la \u00cdslands er komin \u00fat b\u00f3kin <strong>Bygg\u00f0as\u00f6fn \u00e1 \u00cdslandi<\/strong>. B\u00f3kin er s\u00fdnisb\u00f3k um starfsemi 14 bygg\u00f0asafna \u00e1 \u00cdslandi. Tilgangur \u00fatg\u00e1funnar er a\u00f0 vekja athygli \u00e1 \u00fev\u00ed margbrotna starfi sem s\u00f6fnin hafa sta\u00f0i\u00f0 fyrir og hversu br\u00fdnt \u00fea\u00f0 er a\u00f0 \u00feeirri menningarmi\u00f0lun&nbsp;sem \u00fear fer fram s\u00e9 betri gaumur gefinn. A\u00f0 sj\u00e1lfs\u00f6g\u00f0u \u00e1 merkilegt&nbsp;bygg\u00f0asafn okkar Vestmannaeyinga, Sagnheimar, s\u00edna s\u00f6gu \u00ed b\u00f3kinni.<\/p>\n<p>\u00cd vikunni kom Margr\u00e9t Hallgr\u00edmsd\u00f3ttir \u00fej\u00f3\u00f0minjav\u00f6r\u00f0ur \u00ed heims\u00f3kn \u00ed Sagnheima en safni\u00f0 okkar er \u00e1samt S\u00e6heimum h\u00e9r \u00ed Eyjum \u00ed h\u00f3pi 44 vi\u00f0urkenndra safna \u00e1 \u00cdslandi.&nbsp;Til a\u00f0 f\u00e1 sl\u00edka vi\u00f0urkenningu safnar\u00e1\u00f0s \u00feurfa s\u00f6fn a\u00f0 uppfylla strangar kr\u00f6fur var\u00f0andi h\u00fasn\u00e6\u00f0i, \u00f6ryggism\u00e1l, a\u00f0gengi, skr\u00e1ningarkerfi og faglegt starf. Vi\u00f0 megum \u00fev\u00ed vera afskaplega stolt af safninu okkar og jafnframt \u00feakkl\u00e1t b\u00e6jarb\u00faum sem hafa stutt okkur me\u00f0 margv\u00edslegum h\u00e6tti \u00ed gegnum t\u00ed\u00f0ina!<\/p>\n<p><strong>H\u00e9r m\u00e1 sj\u00e1 lista safnar\u00e1\u00f0s yfir vi\u00f0urkennd s\u00f6fn \u00e1 \u00cdslandi:<\/strong><\/p>\n<p><strong>http:\/\/www.safnarad.is\/vidurkennd\/vidurkennd-sofn&#8212;listi\/<\/strong><\/p>\n<p>&nbsp;<\/p>\n<p>&nbsp;<\/p>\n<p>&nbsp;<\/p>\n<p><\/p>\n","protected":false},"excerpt":{"rendered":"<p>\u00c1 vegum Ranns\u00f3knaseturs \u00ed safnafr\u00e6\u00f0um vi\u00f0 H\u00e1sk\u00f3la \u00cdslands er komin \u00fat b\u00f3kin Bygg\u00f0as\u00f6fn \u00e1 \u00cdslandi. B\u00f3kin er s\u00fdnisb\u00f3k um starfsemi 14 bygg\u00f0asafna \u00e1 \u00cdslandi. Tilgangur \u00fatg\u00e1funnar er a\u00f0 vekja athygli<\/p>\n","protected":false},"author":1,"featured_media":136,"comment_status":"closed","ping_status":"open","sticky":false,"template":"","format":"standard","meta":{"footnotes":""},"categories":[7],"tags":[],"class_list":["post-135","post","type-post","status-publish","format-standard","has-post-thumbnail","hentry","category-frettir-2015"],"_links":{"self":[{"href":"https:\/\/www.sagnheimar.is\/en\/wp-json\/wp\/v2\/posts\/135","targetHints":{"allow":["GET"]}}],"collection":[{"href":"https:\/\/www.sagnheimar.is\/en\/wp-json\/wp\/v2\/posts"}],"about":[{"href":"https:\/\/www.sagnheimar.is\/en\/wp-json\/wp\/v2\/types\/post"}],"author":[{"embeddable":true,"href":"https:\/\/www.sagnheimar.is\/en\/wp-json\/wp\/v2\/users\/1"}],"replies":[{"embeddable":true,"href":"https:\/\/www.sagnheimar.is\/en\/wp-json\/wp\/v2\/comments?post=135"}],"version-history":[{"count":0,"href":"https:\/\/www.sagnheimar.is\/en\/wp-json\/wp\/v2\/posts\/135\/revisions"}],"wp:featuredmedia":[{"embeddable":true,"href":"https:\/\/www.sagnheimar.is\/en\/wp-json\/wp\/v2\/media\/136"}],"wp:attachment":[{"href":"https:\/\/www.sagnheimar.is\/en\/wp-json\/wp\/v2\/media?parent=135"}],"wp:term":[{"taxonomy":"category","embeddable":true,"href":"https:\/\/www.sagnheimar.is\/en\/wp-json\/wp\/v2\/categories?post=135"},{"taxonomy":"post_tag","embeddable":true,"href":"https:\/\/www.sagnheimar.is\/en\/wp-json\/wp\/v2\/tags?post=135"}],"curies":[{"name":"wp","href":"https:\/\/api.w.org\/{rel}","templated":true}]}}