{"id":137,"date":"2015-08-05T00:00:00","date_gmt":"2015-08-05T00:00:00","guid":{"rendered":"http:\/\/www.sagnheimar.is\/fisktronur-vid-safnahus-vestmannaeyja-sagnheima\/"},"modified":"2015-08-05T00:00:00","modified_gmt":"2015-08-05T00:00:00","slug":"fisktronur-vid-safnahus-vestmannaeyja-sagnheima","status":"publish","type":"post","link":"https:\/\/www.sagnheimar.is\/en\/fisktronur-vid-safnahus-vestmannaeyja-sagnheima\/","title":{"rendered":"Fisktr\u00f6nur vi\u00f0 Safnah\u00fas Vestmannaeyja\/Sagnheima"},"content":{"rendered":"<p>Fisktr\u00f6nur vi\u00f0 Safnah\u00fasi\u00f0 okkar vekja alltaf nokkra athygli gesta ekki s\u00edst erlendra fer\u00f0amanna. Langa ehf hefur undanfarin \u00e1r lagt til fiskinn og minna okkur \u00fear me\u00f0 \u00e1 \u00feessa aldag\u00f6mlu a\u00f0fer\u00f0 til a\u00f0 auka geymslu\u00feol fisks e\u00f0a skrei\u00f0ar. Tr\u00f6nurnar eru hluti af s\u00fdningarsv\u00e6\u00f0i Sagnheima, bygg\u00f0asafns.<\/p>\n<p>Skrei\u00f0 er \u00feurrka\u00f0ur afhausa\u00f0ur fiskur, oftast \u00feorskur e\u00f0a ufsi. Skrei\u00f0in var lengst af \u00fati\u00feurrku\u00f0, tveir fiskar spyrtir saman og hengdir upp \u00ed s\u00e9rst\u00f6kum fiskhj\u00f6llum e\u00f0a \u00e1 \u00fear til ger\u00f0ar sperrur, fisktr\u00f6nur, og s\u00f3l og vindur l\u00e1tin um \u00feurrkunina.<\/p>\n<p>Skrei\u00f0 hefur veri\u00f0 verslunarvara \u00ed Evr\u00f3pu \u00ed meira en \u00fe\u00fasund \u00e1r og var \u00e1samt l\u00fdsi og va\u00f0m\u00e1li ein helsta \u00fatflutningsvara \u00cdslendinga \u00f6ldum saman. \u00c1 mi\u00f0\u00f6ldum h\u00e6kka\u00f0i skrei\u00f0 miki\u00f0 \u00ed ver\u00f0i \u00e1 erlendum m\u00f6rku\u00f0um og rei\u00f0 \u00fe\u00e1 mj\u00f6g \u00e1 \u00fev\u00ed fyrir landsmenn a\u00f0 geta framleitt g\u00f3\u00f0a og vel verka\u00f0a skrei\u00f0 til s\u00f6lu erlendis. Rakt sj\u00e1varlofti\u00f0 reyndist oft erfitt og hertu Eyjamenn \u00fev\u00ed gjarna fiskinn \u00e1 syllum \u00ed m\u00f3bergsh\u00f6mrum \u00ed svok\u00f6llu\u00f0um fiskbirgjum. D\u00e6mi um sl\u00edk fiskbirgi m\u00e1 sj\u00e1 \u00ed berginu \u00ed Fiskhellum \u00e1 lei\u00f0inni inn \u00ed Herj\u00f3lfsdal og komu \u00feau m.a. vi\u00f0 s\u00f6gu \u00ed Tyrkjar\u00e1ninu 1627.<\/p>\n<p>Allt fram undir 1900 var skrei\u00f0in talin \u00f3missandi f\u00e6\u00f0a, n\u00e6ringarmikil, sa\u00f0s\u00f6m, \u00feurfti litla matrei\u00f0slu og geymdist vel. Hertur fiskurinn var borinn fram me\u00f0 s\u00faru smj\u00f6ri sem \u00fe\u00f3tti dr\u00fdgra en \u00f3s\u00fart og jafnvel bleyttur \u00ed s\u00fdru, svo a\u00f0 hann yr\u00f0i m\u00fdkri undir t\u00f6nn.<\/p>\n<p>\u00cd dag m\u00e1 segja a\u00f0 \u00cdslendingar neyti a\u00f0eins einnar tegundar \u00feessarar hertu og \u00feurrku\u00f0u afur\u00f0a, \u00fe.e. har\u00f0fisks. N\u00e6r \u00f6ll vinnsla og \u00feurrkun fer n\u00fa fram me\u00f0 v\u00e9lb\u00fana\u00f0i innandyra. Helstu marka\u00f0ir fyrir skrei\u00f0 og \u00feurrka\u00f0a hausa eru \u00ed N\u00edger\u00edu.<\/p>\n<p><\/p>\n","protected":false},"excerpt":{"rendered":"<p>Fisktr\u00f6nur vi\u00f0 Safnah\u00fasi\u00f0 okkar vekja alltaf nokkra athygli gesta ekki s\u00edst erlendra fer\u00f0amanna. Langa ehf hefur undanfarin \u00e1r lagt til fiskinn og minna okkur \u00fear me\u00f0 \u00e1 \u00feessa aldag\u00f6mlu a\u00f0fer\u00f0<\/p>\n","protected":false},"author":1,"featured_media":138,"comment_status":"closed","ping_status":"open","sticky":false,"template":"","format":"standard","meta":{"footnotes":""},"categories":[7],"tags":[],"class_list":["post-137","post","type-post","status-publish","format-standard","has-post-thumbnail","hentry","category-frettir-2015"],"_links":{"self":[{"href":"https:\/\/www.sagnheimar.is\/en\/wp-json\/wp\/v2\/posts\/137","targetHints":{"allow":["GET"]}}],"collection":[{"href":"https:\/\/www.sagnheimar.is\/en\/wp-json\/wp\/v2\/posts"}],"about":[{"href":"https:\/\/www.sagnheimar.is\/en\/wp-json\/wp\/v2\/types\/post"}],"author":[{"embeddable":true,"href":"https:\/\/www.sagnheimar.is\/en\/wp-json\/wp\/v2\/users\/1"}],"replies":[{"embeddable":true,"href":"https:\/\/www.sagnheimar.is\/en\/wp-json\/wp\/v2\/comments?post=137"}],"version-history":[{"count":0,"href":"https:\/\/www.sagnheimar.is\/en\/wp-json\/wp\/v2\/posts\/137\/revisions"}],"wp:featuredmedia":[{"embeddable":true,"href":"https:\/\/www.sagnheimar.is\/en\/wp-json\/wp\/v2\/media\/138"}],"wp:attachment":[{"href":"https:\/\/www.sagnheimar.is\/en\/wp-json\/wp\/v2\/media?parent=137"}],"wp:term":[{"taxonomy":"category","embeddable":true,"href":"https:\/\/www.sagnheimar.is\/en\/wp-json\/wp\/v2\/categories?post=137"},{"taxonomy":"post_tag","embeddable":true,"href":"https:\/\/www.sagnheimar.is\/en\/wp-json\/wp\/v2\/tags?post=137"}],"curies":[{"name":"wp","href":"https:\/\/api.w.org\/{rel}","templated":true}]}}