{"id":13747,"date":"2025-11-28T12:57:50","date_gmt":"2025-11-28T12:57:50","guid":{"rendered":"https:\/\/www.sagnheimar.is\/?p=13747"},"modified":"2025-11-28T13:03:29","modified_gmt":"2025-11-28T13:03:29","slug":"bokakynning-i-bokasafninu-a-laugardaginn-kl-1300-revian-i-vestmannaeyjum-og-mzungu-fra-afriku","status":"publish","type":"post","link":"https:\/\/www.sagnheimar.is\/en\/bokakynning-i-bokasafninu-a-laugardaginn-kl-1300-revian-i-vestmannaeyjum-og-mzungu-fra-afriku\/","title":{"rendered":"B\u00f3kakynning \u00ed B\u00f3kasafninu \u00e1 laugardaginn kl. 13:00. Rev\u00edan \u00ed Vestmannaeyjum og Mzungu fr\u00e1 Afr\u00edku."},"content":{"rendered":"\n<p><strong>B\u00f3kakynning \u00ed B\u00f3kasafninu \u00e1 laugardaginn kl. 13:00.<\/strong><\/p>\n\n\n\n<p><strong>Rev\u00edan \u00ed Vestmannaeyjum og Mzungu fr\u00e1 Afr\u00edku.<\/strong><\/p>\n\n\n\n<p>Laugardaginn 29. n\u00f3vember munu tveir rith\u00f6fundar kynna n\u00fdjar b\u00e6kur s\u00ednar \u00e1 B\u00f3kasafninu.<\/p>\n\n\n\n<p>Una Margr\u00e9t J\u00f3nsd\u00f3ttir segir s\u00f6gu rev\u00edunnar \u00ed b\u00f3k sinni&nbsp;<em>Silfur\u00f6ld rev\u00edunnar<\/em>. \u00dear segir h\u00fan m.a. fr\u00e1 hinu l\u00edflega starfi Sigurgeirs Schevings \u00e1 n\u00edunda \u00e1ratug s\u00ed\u00f0ustu aldar.<\/p>\n\n\n\n<p>Una Margr\u00e9t hefur \u00ed t\u00e6pan \u00e1ratug helga\u00f0 sig ranns\u00f3knum \u00e1 s\u00f6gu \u00edslensku rev\u00edunnar en \u00e1ri\u00f0 2019 kom \u00fat b\u00f3k hennar&nbsp;<em>Gull\u00f6ld rev\u00edunnar<\/em>.<\/p>\n\n\n\n<p>N\u00fa er komi\u00f0 a\u00f0 s\u00ed\u00f0ari hlutanum,&nbsp;<em>Silfur\u00f6ld rev\u00edunna<\/em>&nbsp;\u00fear sem fjalla\u00f0 er um rev\u00edur fr\u00e1 t\u00edmabilinu 1957\u20132015, og einnig kabaretta, \u00e1ram\u00f3taskaup og staka gamans\u00f6ngva.<\/p>\n\n\n\n<p>\u00cd b\u00f3kinni fjallar Una Margr\u00e9t m.a. um s\u00f6gu rev\u00edunnar \u00ed Vestmannaeyjum og mun h\u00fan lesa og spjalla um \u00feann merka \u00fe\u00e1tt \u00ed menningars\u00f6gu Eyjanna<\/p>\n\n\n\n<p>\u00de\u00f3runn Rakel Gylfad\u00f3ttir hlaut \u00edslensku b\u00f3kmenntaver\u00f0launin \u00ed flokki barna- og ungmenna fyrir fyrstu b\u00f3k s\u00edna&nbsp;<em>Akam, \u00e9g og Annika.<\/em><\/p>\n\n\n\n<p>N\u00fa er h\u00fan m\u00e6tt aftur en a\u00f0 \u00feessu sinni me\u00f0 b\u00f3k fyrir fullor\u00f0na,&nbsp;<em>Mzungu,&nbsp;<\/em>&nbsp;sem merkir s\u00e1 e\u00f0a s\u00fa sem r\u00e1far stefnulaust um, upphaflega nota\u00f0 \u00ed Austur-Afr\u00edku til a\u00f0 l\u00fdsa landk\u00f6nnu\u00f0um \u00e1 18. \u00f6ld.<\/p>\n\n\n\n<p>\u00cd dag er \u00feetta hugtak a\u00f0allega nota\u00f0 um Vesturlandab\u00faa. H\u00e9r er \u00e1 fer\u00f0inni h\u00f6rkuspennandi og \u00e1leitin fr\u00e1s\u00f6gn um hvert g\u00f3\u00f0ur vilji og l\u00f6ngun til a\u00f0 b\u00e6ta heiminn getur leitt.<\/p>\n\n\n\n<p>Spennandi dagskr\u00e1 sem \u00f3h\u00e6tt er a\u00f0 m\u00e6ta me\u00f0.<\/p>\n\n\n\n<p>Kaffi og konfekt \u00ed bo\u00f0i.<\/p>\n","protected":false},"excerpt":{"rendered":"<p>B\u00f3kakynning \u00ed B\u00f3kasafninu \u00e1 laugardaginn kl. 13:00. Rev\u00edan \u00ed Vestmannaeyjum og Mzungu fr\u00e1 Afr\u00edku. Laugardaginn 29. n\u00f3vember munu tveir rith\u00f6fundar kynna n\u00fdjar b\u00e6kur s\u00ednar \u00e1 B\u00f3kasafninu. Una Margr\u00e9t J\u00f3nsd\u00f3ttir segir<\/p>\n","protected":false},"author":6,"featured_media":13751,"comment_status":"closed","ping_status":"closed","sticky":false,"template":"","format":"standard","meta":{"footnotes":""},"categories":[43,45,52],"tags":[],"class_list":["post-13747","post","type-post","status-publish","format-standard","has-post-thumbnail","hentry","category-frettir-2023","category-frettir-2024","category-frettir-2025"],"_links":{"self":[{"href":"https:\/\/www.sagnheimar.is\/en\/wp-json\/wp\/v2\/posts\/13747","targetHints":{"allow":["GET"]}}],"collection":[{"href":"https:\/\/www.sagnheimar.is\/en\/wp-json\/wp\/v2\/posts"}],"about":[{"href":"https:\/\/www.sagnheimar.is\/en\/wp-json\/wp\/v2\/types\/post"}],"author":[{"embeddable":true,"href":"https:\/\/www.sagnheimar.is\/en\/wp-json\/wp\/v2\/users\/6"}],"replies":[{"embeddable":true,"href":"https:\/\/www.sagnheimar.is\/en\/wp-json\/wp\/v2\/comments?post=13747"}],"version-history":[{"count":2,"href":"https:\/\/www.sagnheimar.is\/en\/wp-json\/wp\/v2\/posts\/13747\/revisions"}],"predecessor-version":[{"id":13755,"href":"https:\/\/www.sagnheimar.is\/en\/wp-json\/wp\/v2\/posts\/13747\/revisions\/13755"}],"wp:featuredmedia":[{"embeddable":true,"href":"https:\/\/www.sagnheimar.is\/en\/wp-json\/wp\/v2\/media\/13751"}],"wp:attachment":[{"href":"https:\/\/www.sagnheimar.is\/en\/wp-json\/wp\/v2\/media?parent=13747"}],"wp:term":[{"taxonomy":"category","embeddable":true,"href":"https:\/\/www.sagnheimar.is\/en\/wp-json\/wp\/v2\/categories?post=13747"},{"taxonomy":"post_tag","embeddable":true,"href":"https:\/\/www.sagnheimar.is\/en\/wp-json\/wp\/v2\/tags?post=13747"}],"curies":[{"name":"wp","href":"https:\/\/api.w.org\/{rel}","templated":true}]}}