{"id":139,"date":"2015-07-30T00:00:00","date_gmt":"2015-07-30T00:00:00","guid":{"rendered":"http:\/\/www.sagnheimar.is\/juliana-sveinsdottir-i-sagnheimum-og-a-kjarvalsstodum\/"},"modified":"2015-07-30T00:00:00","modified_gmt":"2015-07-30T00:00:00","slug":"juliana-sveinsdottir-i-sagnheimum-og-a-kjarvalsstodum","status":"publish","type":"post","link":"https:\/\/www.sagnheimar.is\/en\/juliana-sveinsdottir-i-sagnheimum-og-a-kjarvalsstodum\/","title":{"rendered":"J\u00fal\u00edana Sveinsd\u00f3ttir \u00ed Sagnheimum og \u00e1 Kjarvalsst\u00f6\u00f0um"},"content":{"rendered":"<p>19. j\u00fan\u00ed sl. var opnu\u00f0 s\u00fdningin <strong>Tv\u00e6r sterkar<\/strong> \u00ed Listasafni Reykjav\u00edkur, Kjarvalsst\u00f6\u00f0um. Um er a\u00f0 r\u00e6\u00f0a s\u00fdningu \u00e1 verkum tveggja kvenna <strong>J\u00fal\u00ed\u00f6nu Sveinsd\u00f3ttur <\/strong>(1889-1966) og hinnar f\u00e6reysku <strong>Ruthar Smith<\/strong> (1913-1958). B\u00e1\u00f0ar \u00f3lust \u00fe\u00e6r upp \u00e1 vindb\u00f6r\u00f0um og saltstorknum klettaeyjum \u00ed Nor\u00f0ur-Atlantshafi og voru me\u00f0al fyrstu kvennanna sem ger\u00f0u myndlist a\u00f0 \u00e6vistarfi. Skemmtilegt er a\u00f0 sj\u00e1 hvernig heimahagar \u00feeirra koma fram \u00ed verkunum \u00e1samt gagnr\u00fdnum&nbsp;sj\u00e1lfsmyndum og sterkum myndum af samfer\u00f0af\u00f3lki. Listasafn Vestmannaeyja l\u00e1na\u00f0i eitt af verkum J\u00fal\u00ed\u00f6nu \u00far safni s\u00ednu og Sagnheimar, bygg\u00f0asafn l\u00e1na\u00f0i m\u00e1laraspjald og pensla J\u00fal\u00ed\u00f6nu. \u00c1 s\u00fdningunni er einnig nokkur veflistaverk J\u00fal\u00ed\u00f6nu. \u00cd Sagnheimum eru nokkrir munir tengdir J\u00fal\u00ed\u00f6nu, m.a. bernskusk\u00f3r hennar, vefst\u00f3ll hennar, m\u00e1lverk og forkunnarfagur skautb\u00faningur sem h\u00fan sauma\u00f0i fyrir m\u00e1gkonu s\u00edna Laufeyju Sigur\u00f0ard\u00f3ttur \u00e1ri\u00f0 1930.<\/p>\n<p>S\u00fdningin \u00e1 Kjarvalsst\u00f6\u00f0um er norr\u00e6n farands\u00fdning h\u00f6fu\u00f0borganna \u00feriggja, Reykjav\u00edkur, T\u00f3rshavnar og Kaupmannahafnar og leggur \u00fev\u00ed land undir f\u00f3t \u00ed lok \u00e1g\u00fastm\u00e1na\u00f0ar. Vestmannaeyingar og a\u00f0rir \u00e1hugamenn um myndlist mega alls ekki l\u00e1ta \u00feessa s\u00fdningu fram hj\u00e1 s\u00e9r fara!<\/p>\n<p><\/p>\n","protected":false},"excerpt":{"rendered":"<p>19. j\u00fan\u00ed sl. var opnu\u00f0 s\u00fdningin Tv\u00e6r sterkar \u00ed Listasafni Reykjav\u00edkur, Kjarvalsst\u00f6\u00f0um. Um er a\u00f0 r\u00e6\u00f0a s\u00fdningu \u00e1 verkum tveggja kvenna J\u00fal\u00ed\u00f6nu Sveinsd\u00f3ttur (1889-1966) og hinnar f\u00e6reysku Ruthar Smith (1913-1958).<\/p>\n","protected":false},"author":1,"featured_media":140,"comment_status":"closed","ping_status":"open","sticky":false,"template":"","format":"standard","meta":{"footnotes":""},"categories":[7],"tags":[],"class_list":["post-139","post","type-post","status-publish","format-standard","has-post-thumbnail","hentry","category-frettir-2015"],"_links":{"self":[{"href":"https:\/\/www.sagnheimar.is\/en\/wp-json\/wp\/v2\/posts\/139","targetHints":{"allow":["GET"]}}],"collection":[{"href":"https:\/\/www.sagnheimar.is\/en\/wp-json\/wp\/v2\/posts"}],"about":[{"href":"https:\/\/www.sagnheimar.is\/en\/wp-json\/wp\/v2\/types\/post"}],"author":[{"embeddable":true,"href":"https:\/\/www.sagnheimar.is\/en\/wp-json\/wp\/v2\/users\/1"}],"replies":[{"embeddable":true,"href":"https:\/\/www.sagnheimar.is\/en\/wp-json\/wp\/v2\/comments?post=139"}],"version-history":[{"count":0,"href":"https:\/\/www.sagnheimar.is\/en\/wp-json\/wp\/v2\/posts\/139\/revisions"}],"wp:featuredmedia":[{"embeddable":true,"href":"https:\/\/www.sagnheimar.is\/en\/wp-json\/wp\/v2\/media\/140"}],"wp:attachment":[{"href":"https:\/\/www.sagnheimar.is\/en\/wp-json\/wp\/v2\/media?parent=139"}],"wp:term":[{"taxonomy":"category","embeddable":true,"href":"https:\/\/www.sagnheimar.is\/en\/wp-json\/wp\/v2\/categories?post=139"},{"taxonomy":"post_tag","embeddable":true,"href":"https:\/\/www.sagnheimar.is\/en\/wp-json\/wp\/v2\/tags?post=139"}],"curies":[{"name":"wp","href":"https:\/\/api.w.org\/{rel}","templated":true}]}}