{"id":14,"date":"2017-09-07T00:00:00","date_gmt":"2017-09-07T00:00:00","guid":{"rendered":"http:\/\/www.sagnheimar.is\/haust-og-vetrarstarfid-i-sagnheimum-2017\/"},"modified":"2017-09-07T00:00:00","modified_gmt":"2017-09-07T00:00:00","slug":"haust-og-vetrarstarfid-i-sagnheimum-2017","status":"publish","type":"post","link":"https:\/\/www.sagnheimar.is\/en\/haust-og-vetrarstarfid-i-sagnheimum-2017\/","title":{"rendered":"Haust og vetrarstarfi\u00f0 \u00ed Sagnheimum 2017"},"content":{"rendered":"<p>\u00de\u00f3 a\u00f0 safni\u00f0 okkar s\u00e9 enn opi\u00f0 daglega kl. 10-17 og ver\u00f0ur svo til 1. okt\u00f3ber, \u00fe\u00e1 er undirb\u00faningur vetrarstarfs \u00ed fullum gangi. G\u00e1tum eiginlega ekki be\u00f0i\u00f0 og \u00fej\u00f3fst\u00f6rtu\u00f0um me\u00f0 st\u00f3rkostlegum lj\u00f3\u00f0aleik \u00de\u00f3rhalls \u00ed Einarsstofu \u00ed s\u00ed\u00f0ustu viku og svo er n\u00e6sta Eyjahjarta\u00f0, sem enginn m\u00e1 missa af nk. sunnudag einnig \u00ed Einarsstofu. &nbsp;Undirb\u00faningur dagskr\u00e1r um netager\u00f0 og netager\u00f0armenn \u00ed Eyjum h\u00f3fst sl. vor h\u00e9r \u00ed h\u00fasi og hafa margir veri\u00f0 kalla\u00f0ir til skrafs og r\u00e1\u00f0ager\u00f0a. Mj\u00f6g skemmtilegt verkefni sem st\u00f6\u00f0ugt vindur upp \u00e1 sig \u00ed myndum og s\u00f6gum. Afraksturinn birtist s\u00ed\u00f0an \u00ed dagskr\u00e1 \u00e1 bryggjusv\u00e6\u00f0i safnsins 7. okt\u00f3ber nk. Undirb\u00faningur safnahelgar er l\u00edka langt kominn en h\u00fan ver\u00f0ur l\u00edklega s\u00ed\u00f0ustu helgina \u00ed okt\u00f3ber \u00ed \u00e1r&nbsp;og ver\u00f0ur \u00fear margt spennandi \u00e1 bo\u00f0st\u00f3lnum. Starfsf\u00f3lk b\u00f3kasafns er n\u00fa \u00feegar a\u00f0 missa sig vi\u00f0 undirb\u00faning j\u00f3lanna &#8211; \u00fea\u00f0 ver\u00f0ur eitthva\u00f0 s\u00f6gulegt! \u00dea\u00f0 er \u00fev\u00ed algj\u00f6r \u00f3\u00fearfi a\u00f0 kv\u00ed\u00f0a haustinu og vetrinum, \u00fev\u00ed fj\u00f6lmargar \u00e1st\u00e6\u00f0ur ver\u00f0a til a\u00f0 gle\u00f0jast \u00ed Safnah\u00fasinu!<\/p>\n<p>\u00c1 me\u00f0fylgjandi mynd m\u00e1 sj\u00e1 listaverkagj\u00f6f \u00c1stu Arnmundsd\u00f3ttur og Sigur\u00f0ar J\u00f3nssonar til minningar um f\u00f6\u00f0ur \u00c1stu, Arnmund \u00deorbj\u00f6rnsson netager\u00f0ameistara (1922-2014). Myndina ger\u00f0i Sigurfinnur Sigurfinnsson og kemur h\u00fan \u00far b\u00fai Arnmundar. Arnmundur tengdist s\u00f6gu netager\u00f0ar \u00e1 margv\u00edslegan h\u00e1tt, rak og \u00e1tti Netager\u00f0 Reykdals og vann einnig lengi hj\u00e1 Netager\u00f0 Ing\u00f3lfs. Mynd Sigurfinns er n\u00e6sta mynd sem kynnt ver\u00f0ur \u00ed listaverkask\u00e1p Safnah\u00fass \u00ed anddyri b\u00f3kasafns.<\/p>\n<p><\/p>\n","protected":false},"excerpt":{"rendered":"<p>\u00de\u00f3 a\u00f0 safni\u00f0 okkar s\u00e9 enn opi\u00f0 daglega kl. 10-17 og ver\u00f0ur svo til 1. okt\u00f3ber, \u00fe\u00e1 er undirb\u00faningur vetrarstarfs \u00ed fullum gangi. G\u00e1tum eiginlega ekki be\u00f0i\u00f0 og \u00fej\u00f3fst\u00f6rtu\u00f0um me\u00f0<\/p>\n","protected":false},"author":1,"featured_media":15,"comment_status":"closed","ping_status":"open","sticky":false,"template":"","format":"standard","meta":{"footnotes":""},"categories":[5],"tags":[],"class_list":["post-14","post","type-post","status-publish","format-standard","has-post-thumbnail","hentry","category-frettir-2017"],"_links":{"self":[{"href":"https:\/\/www.sagnheimar.is\/en\/wp-json\/wp\/v2\/posts\/14","targetHints":{"allow":["GET"]}}],"collection":[{"href":"https:\/\/www.sagnheimar.is\/en\/wp-json\/wp\/v2\/posts"}],"about":[{"href":"https:\/\/www.sagnheimar.is\/en\/wp-json\/wp\/v2\/types\/post"}],"author":[{"embeddable":true,"href":"https:\/\/www.sagnheimar.is\/en\/wp-json\/wp\/v2\/users\/1"}],"replies":[{"embeddable":true,"href":"https:\/\/www.sagnheimar.is\/en\/wp-json\/wp\/v2\/comments?post=14"}],"version-history":[{"count":0,"href":"https:\/\/www.sagnheimar.is\/en\/wp-json\/wp\/v2\/posts\/14\/revisions"}],"wp:featuredmedia":[{"embeddable":true,"href":"https:\/\/www.sagnheimar.is\/en\/wp-json\/wp\/v2\/media\/15"}],"wp:attachment":[{"href":"https:\/\/www.sagnheimar.is\/en\/wp-json\/wp\/v2\/media?parent=14"}],"wp:term":[{"taxonomy":"category","embeddable":true,"href":"https:\/\/www.sagnheimar.is\/en\/wp-json\/wp\/v2\/categories?post=14"},{"taxonomy":"post_tag","embeddable":true,"href":"https:\/\/www.sagnheimar.is\/en\/wp-json\/wp\/v2\/tags?post=14"}],"curies":[{"name":"wp","href":"https:\/\/api.w.org\/{rel}","templated":true}]}}