{"id":141,"date":"2015-07-29T00:00:00","date_gmt":"2015-07-29T00:00:00","guid":{"rendered":"http:\/\/www.sagnheimar.is\/sagnheimar-safnahus-opnunartimar-um-thjodhatid-2015\/"},"modified":"2015-07-29T00:00:00","modified_gmt":"2015-07-29T00:00:00","slug":"sagnheimar-safnahus-opnunartimar-um-thjodhatid-2015","status":"publish","type":"post","link":"https:\/\/www.sagnheimar.is\/en\/sagnheimar-safnahus-opnunartimar-um-thjodhatid-2015\/","title":{"rendered":"Sagnheimar\/safnah\u00fas &#8211; opnunart\u00edmar um \u00fej\u00f3\u00f0h\u00e1t\u00ed\u00f0 2015"},"content":{"rendered":"<p>Breytingar eru \u00e1 opnunart\u00edmum Sagnheima og Safnah\u00fass um \u00fej\u00f3\u00f0h\u00e1t\u00ed\u00f0, 31.j\u00fal\u00ed &#8211; 3. \u00e1g\u00fast.<\/p>\n<p>Opi\u00f0 ver\u00f0ur \u00e1 f\u00f6studag og m\u00e1nudag kl. 10-17<\/p>\n<p>Loka\u00f0 \u00e1 laugardag og sunnudag.<\/p>\n<p>Myndlistars\u00fdning Steinunnar Einarsd\u00f3ttur \u00ed Einarsstofu er opin f\u00f6studag og m\u00e1nudag kl. 13-17 og s\u00ed\u00f0an daglega \u00e1 opnunart\u00edmum Safnah\u00fass.<\/p>\n<p>B\u00f3kasafni\u00f0 vr\u00f0ur loka\u00f0 fr\u00e1 f\u00f6studegi til m\u00e1nudags.<\/p>\n<p>Gle\u00f0ilega \u00fej\u00f3\u00f0h\u00e1t\u00ed\u00f0!<\/p>\n<p><\/p>\n","protected":false},"excerpt":{"rendered":"<p>Breytingar eru \u00e1 opnunart\u00edmum Sagnheima og Safnah\u00fass um \u00fej\u00f3\u00f0h\u00e1t\u00ed\u00f0, 31.j\u00fal\u00ed &#8211; 3. \u00e1g\u00fast. Opi\u00f0 ver\u00f0ur \u00e1 f\u00f6studag og m\u00e1nudag kl. 10-17 Loka\u00f0 \u00e1 laugardag og sunnudag. Myndlistars\u00fdning Steinunnar Einarsd\u00f3ttur \u00ed<\/p>\n","protected":false},"author":1,"featured_media":17,"comment_status":"closed","ping_status":"open","sticky":false,"template":"","format":"standard","meta":{"footnotes":""},"categories":[7],"tags":[],"class_list":["post-141","post","type-post","status-publish","format-standard","has-post-thumbnail","hentry","category-frettir-2015"],"_links":{"self":[{"href":"https:\/\/www.sagnheimar.is\/en\/wp-json\/wp\/v2\/posts\/141","targetHints":{"allow":["GET"]}}],"collection":[{"href":"https:\/\/www.sagnheimar.is\/en\/wp-json\/wp\/v2\/posts"}],"about":[{"href":"https:\/\/www.sagnheimar.is\/en\/wp-json\/wp\/v2\/types\/post"}],"author":[{"embeddable":true,"href":"https:\/\/www.sagnheimar.is\/en\/wp-json\/wp\/v2\/users\/1"}],"replies":[{"embeddable":true,"href":"https:\/\/www.sagnheimar.is\/en\/wp-json\/wp\/v2\/comments?post=141"}],"version-history":[{"count":0,"href":"https:\/\/www.sagnheimar.is\/en\/wp-json\/wp\/v2\/posts\/141\/revisions"}],"wp:featuredmedia":[{"embeddable":true,"href":"https:\/\/www.sagnheimar.is\/en\/wp-json\/wp\/v2\/media\/17"}],"wp:attachment":[{"href":"https:\/\/www.sagnheimar.is\/en\/wp-json\/wp\/v2\/media?parent=141"}],"wp:term":[{"taxonomy":"category","embeddable":true,"href":"https:\/\/www.sagnheimar.is\/en\/wp-json\/wp\/v2\/categories?post=141"},{"taxonomy":"post_tag","embeddable":true,"href":"https:\/\/www.sagnheimar.is\/en\/wp-json\/wp\/v2\/tags?post=141"}],"curies":[{"name":"wp","href":"https:\/\/api.w.org\/{rel}","templated":true}]}}