{"id":149,"date":"2015-06-15T00:00:00","date_gmt":"2015-06-15T00:00:00","guid":{"rendered":"http:\/\/www.sagnheimar.is\/19-juni-i-vestmannaeyjum-thaer-thradinn-spunnu\/"},"modified":"2015-06-15T00:00:00","modified_gmt":"2015-06-15T00:00:00","slug":"19-juni-i-vestmannaeyjum-thaer-thradinn-spunnu","status":"publish","type":"post","link":"https:\/\/www.sagnheimar.is\/en\/19-juni-i-vestmannaeyjum-thaer-thradinn-spunnu\/","title":{"rendered":"19. j\u00fan\u00ed \u00ed Vestmannaeyjum &#8211; \u00fe\u00e6r \u00fer\u00e1\u00f0inn spunnu"},"content":{"rendered":"<p>Vestmannaeyingar fagna 100 \u00e1ra kosningar\u00e9tti kvenna 19. j\u00fan\u00ed \u00e1 margv\u00edslegan h\u00e1tt. <strong>Kl. 12<\/strong> ver\u00f0ur <strong>h\u00e1t\u00ed\u00f0arfundur b\u00e6jarstj\u00f3rnar<\/strong> og jafnframt s\u00e1 1500 \u00ed <strong>Landlyst.<\/strong> <strong>Kl. 16:30<\/strong> hefst s\u00ed\u00f0an <strong>jafnr\u00e9ttisganga fr\u00e1 Vigtartorgi upp \u00ed Safnah\u00fas<\/strong>. \u00cd g\u00f6ngunni stiklar <strong>J\u00f3hanna \u00ddr J\u00f3nsd\u00f3ttir sagnfr\u00e6\u00f0ingur <\/strong>\u00e1 st\u00e6rstu \u00e1fangasigrum kvenr\u00e9ttindabar\u00e1ttunar og eru \u00fe\u00e1tttakendur \u00ed g\u00f6ngunni hvattir til a\u00f0 m\u00e6ta \u00ed bleikum lit. <strong>Kl. 17 <\/strong>hefst s\u00ed\u00f0an<strong> dagskr\u00e1 \u00ed Sagnheimum<\/strong>, bygg\u00f0asafni.<strong> Gunnhildur Hr\u00f3lfsd\u00f3ttir sagnfr\u00e6\u00f0ingur og rith\u00f6fundur<\/strong>&nbsp;flytur erindi\u00f0:<strong> \u00de\u00e6r \u00fer\u00e1\u00f0inn spunnu. <\/strong>B\u00f3k hennar&nbsp;um l\u00edf og st\u00f6rf kvenna \u00ed Eyjum \u00e1 s\u00ed\u00f0ustu \u00f6ld er a\u00f0 koma \u00fat um \u00feessar mundir. \u00c1 safninu er h\u00e6gt a\u00f0 skr\u00e1 sig \u00e1 lista og f\u00e1 b\u00f3kina \u00feannig \u00e1 s\u00e9rst\u00f6ku kynningarver\u00f0i. A\u00f0&nbsp;\u00feessu tilefni ver\u00f0ur opnu\u00f0 n\u00fd s\u00fdning \u00ed Sagnheimum, sembyggir \u00e1 b\u00f3k hennar og er samstarfsverkefni Gunnhildar og Sagnheima, bygg\u00f0asafns. \u00c1 me\u00f0al annarra merkra s\u00fdninga Sagnheima er \u00fear s\u00fdning sem opnu\u00f0 var \u00ed ma\u00ed: <strong>Eyjakonur \u00ed \u00ed\u00fer\u00f3ttum \u00ed eitt hundra\u00f0 \u00e1r <\/strong>og s\u00e9rst\u00f6k kvennastofa.&nbsp;&nbsp;&nbsp;<strong>\u00cd Einarsstofu <\/strong>er <strong>myndlistas\u00fdning Bjarteyjar Gylfad\u00f3ttur <\/strong>og \u00fear er einnig \u00e1 vegum safna Safnah\u00fass s\u00fdningin <strong>\u00dar f\u00f3rum kvenna<\/strong>. Bo\u00f0i\u00f0 er upp \u00e1 h\u00e1t\u00ed\u00f0ark\u00f6ku \u00ed tilefni&nbsp;dagsins&nbsp;Gestir eru hvattir til a\u00f0 sko\u00f0a s\u00fdningar Safnah\u00fass \u00e1 \u00feessum merka degi.&nbsp;Allir hjartanlega velkomnir.<\/p>\n<p><\/p>\n","protected":false},"excerpt":{"rendered":"<p>Vestmannaeyingar fagna 100 \u00e1ra kosningar\u00e9tti kvenna 19. j\u00fan\u00ed \u00e1 margv\u00edslegan h\u00e1tt. Kl. 12 ver\u00f0ur h\u00e1t\u00ed\u00f0arfundur b\u00e6jarstj\u00f3rnar og jafnframt s\u00e1 1500 \u00ed Landlyst. Kl. 16:30 hefst s\u00ed\u00f0an jafnr\u00e9ttisganga fr\u00e1 Vigtartorgi upp<\/p>\n","protected":false},"author":1,"featured_media":150,"comment_status":"closed","ping_status":"open","sticky":false,"template":"","format":"standard","meta":{"footnotes":""},"categories":[7],"tags":[],"class_list":["post-149","post","type-post","status-publish","format-standard","has-post-thumbnail","hentry","category-frettir-2015"],"_links":{"self":[{"href":"https:\/\/www.sagnheimar.is\/en\/wp-json\/wp\/v2\/posts\/149","targetHints":{"allow":["GET"]}}],"collection":[{"href":"https:\/\/www.sagnheimar.is\/en\/wp-json\/wp\/v2\/posts"}],"about":[{"href":"https:\/\/www.sagnheimar.is\/en\/wp-json\/wp\/v2\/types\/post"}],"author":[{"embeddable":true,"href":"https:\/\/www.sagnheimar.is\/en\/wp-json\/wp\/v2\/users\/1"}],"replies":[{"embeddable":true,"href":"https:\/\/www.sagnheimar.is\/en\/wp-json\/wp\/v2\/comments?post=149"}],"version-history":[{"count":0,"href":"https:\/\/www.sagnheimar.is\/en\/wp-json\/wp\/v2\/posts\/149\/revisions"}],"wp:featuredmedia":[{"embeddable":true,"href":"https:\/\/www.sagnheimar.is\/en\/wp-json\/wp\/v2\/media\/150"}],"wp:attachment":[{"href":"https:\/\/www.sagnheimar.is\/en\/wp-json\/wp\/v2\/media?parent=149"}],"wp:term":[{"taxonomy":"category","embeddable":true,"href":"https:\/\/www.sagnheimar.is\/en\/wp-json\/wp\/v2\/categories?post=149"},{"taxonomy":"post_tag","embeddable":true,"href":"https:\/\/www.sagnheimar.is\/en\/wp-json\/wp\/v2\/tags?post=149"}],"curies":[{"name":"wp","href":"https:\/\/api.w.org\/{rel}","templated":true}]}}