{"id":151,"date":"2015-06-13T00:00:00","date_gmt":"2015-06-13T00:00:00","guid":{"rendered":"http:\/\/www.sagnheimar.is\/sagnheimar-17-juni-2015\/"},"modified":"2015-06-13T00:00:00","modified_gmt":"2015-06-13T00:00:00","slug":"sagnheimar-17-juni-2015","status":"publish","type":"post","link":"https:\/\/www.sagnheimar.is\/en\/sagnheimar-17-juni-2015\/","title":{"rendered":"Sagnheimar &#8211; 17. j\u00fan\u00ed 2015"},"content":{"rendered":"<p>S\u00fa hef\u00f0 a\u00f0 fjallkona&nbsp;flytji landsm\u00f6nnum&nbsp;h\u00e1t\u00ed\u00f0arlj\u00f3\u00f0 \u00e1 17. j\u00fan\u00ed hefur t\u00ed\u00f0kast h\u00e9r \u00e1 landi fr\u00e1 \u00e1rinu 1947.&nbsp;A\u00f0 vanda mun fulltr\u00fai Sagnheima, bygg\u00f0asafns sj\u00e1 um a\u00f0 skr\u00fd\u00f0a fjallkonu okkar Eyjamanna.&nbsp;Fjallkona okkar \u00ed \u00e1r er <strong>Sigr\u00ed\u00f0ur L\u00e1ra Gar\u00f0arsd\u00f3ttir<\/strong> og flytur h\u00fan \u00e1varp sitt \u00ed Hraunb\u00fa\u00f0um kl. 10:30 og \u00e1 Stakkager\u00f0ist\u00fani kl. 14.<\/p>\n<p>H\u00e9r til hli\u00f0ar m\u00e1 sj\u00e1 fjallkonu Eyjamanna 2014, S\u00f3leyju Gu\u00f0mundsd\u00f3ttur, \u00e1samt foreldrum s\u00ednum, Gu\u00f0mundi G\u00edslasyni og Gu\u00f0n\u00fdju Jensd\u00f3ttur. Myndin var tekin 17. j\u00fan\u00ed 2014 \u00e1 bryggjusv\u00e6\u00f0i Sagnheima.<\/p>\n<p><\/p>\n","protected":false},"excerpt":{"rendered":"<p>S\u00fa hef\u00f0 a\u00f0 fjallkona&nbsp;flytji landsm\u00f6nnum&nbsp;h\u00e1t\u00ed\u00f0arlj\u00f3\u00f0 \u00e1 17. j\u00fan\u00ed hefur t\u00ed\u00f0kast h\u00e9r \u00e1 landi fr\u00e1 \u00e1rinu 1947.&nbsp;A\u00f0 vanda mun fulltr\u00fai Sagnheima, bygg\u00f0asafns sj\u00e1 um a\u00f0 skr\u00fd\u00f0a fjallkonu okkar Eyjamanna.&nbsp;Fjallkona okkar \u00ed<\/p>\n","protected":false},"author":1,"featured_media":152,"comment_status":"closed","ping_status":"open","sticky":false,"template":"","format":"standard","meta":{"footnotes":""},"categories":[7],"tags":[],"class_list":["post-151","post","type-post","status-publish","format-standard","has-post-thumbnail","hentry","category-frettir-2015"],"_links":{"self":[{"href":"https:\/\/www.sagnheimar.is\/en\/wp-json\/wp\/v2\/posts\/151","targetHints":{"allow":["GET"]}}],"collection":[{"href":"https:\/\/www.sagnheimar.is\/en\/wp-json\/wp\/v2\/posts"}],"about":[{"href":"https:\/\/www.sagnheimar.is\/en\/wp-json\/wp\/v2\/types\/post"}],"author":[{"embeddable":true,"href":"https:\/\/www.sagnheimar.is\/en\/wp-json\/wp\/v2\/users\/1"}],"replies":[{"embeddable":true,"href":"https:\/\/www.sagnheimar.is\/en\/wp-json\/wp\/v2\/comments?post=151"}],"version-history":[{"count":0,"href":"https:\/\/www.sagnheimar.is\/en\/wp-json\/wp\/v2\/posts\/151\/revisions"}],"wp:featuredmedia":[{"embeddable":true,"href":"https:\/\/www.sagnheimar.is\/en\/wp-json\/wp\/v2\/media\/152"}],"wp:attachment":[{"href":"https:\/\/www.sagnheimar.is\/en\/wp-json\/wp\/v2\/media?parent=151"}],"wp:term":[{"taxonomy":"category","embeddable":true,"href":"https:\/\/www.sagnheimar.is\/en\/wp-json\/wp\/v2\/categories?post=151"},{"taxonomy":"post_tag","embeddable":true,"href":"https:\/\/www.sagnheimar.is\/en\/wp-json\/wp\/v2\/tags?post=151"}],"curies":[{"name":"wp","href":"https:\/\/api.w.org\/{rel}","templated":true}]}}