{"id":159,"date":"2015-05-01T00:00:00","date_gmt":"2015-05-01T00:00:00","guid":{"rendered":"http:\/\/www.sagnheimar.is\/sagnheimar-sumaropnun-1-mai-30-sept\/"},"modified":"2015-05-01T00:00:00","modified_gmt":"2015-05-01T00:00:00","slug":"sagnheimar-sumaropnun-1-mai-30-sept","status":"publish","type":"post","link":"https:\/\/www.sagnheimar.is\/en\/sagnheimar-sumaropnun-1-mai-30-sept\/","title":{"rendered":"Sagnheimar &#8211; sumaropnun 1. ma\u00ed &#8211; 30. sept."},"content":{"rendered":"<p>\u00cd dag 1. ma\u00ed hefst sumarat\u00edminn \u00ed Sagnheimum, bygg\u00f0asafni og ver\u00f0ur n\u00fa opi\u00f0 daglega kl. 10-17. Vi\u00f0 f\u00f6rum r\u00f3lega af sta\u00f0 en 17. ma\u00ed f\u00f6gnum vi\u00f0 \u00edslenska safnadeginum me\u00f0 opnun n\u00fdrrar s\u00fdningar: <strong>Eyjakonur \u00ed \u00ed\u00fer\u00f3ttum \u00ed 100 \u00e1r<\/strong>. Fleira gerum vi\u00f0 skemmtilegt&nbsp;\u00feann dag, allt frekar \u00e1 kvennav\u00e6nginn enda erum vi\u00f0 r\u00e9tt a\u00f0 byrja a\u00f0 fagna 100 \u00e1ra kosningaafm\u00e6li&nbsp;kvenna og er \u00fdmislegt fleira \u00e1 prj\u00f3nunum fram \u00e1 haust, b\u00e6\u00f0i \u00ed Sagnheimum og \u00ed Einarsstofu. Fylgist \u00fev\u00ed vel me\u00f0 tilkynningum \u00far Safnah\u00fasi!<\/p>\n<p>&nbsp;<\/p>\n<p><\/p>\n","protected":false},"excerpt":{"rendered":"<p>\u00cd dag 1. ma\u00ed hefst sumarat\u00edminn \u00ed Sagnheimum, bygg\u00f0asafni og ver\u00f0ur n\u00fa opi\u00f0 daglega kl. 10-17. Vi\u00f0 f\u00f6rum r\u00f3lega af sta\u00f0 en 17. ma\u00ed f\u00f6gnum vi\u00f0 \u00edslenska safnadeginum me\u00f0 opnun<\/p>\n","protected":false},"author":1,"featured_media":160,"comment_status":"closed","ping_status":"open","sticky":false,"template":"","format":"standard","meta":{"footnotes":""},"categories":[7],"tags":[],"class_list":["post-159","post","type-post","status-publish","format-standard","has-post-thumbnail","hentry","category-frettir-2015"],"_links":{"self":[{"href":"https:\/\/www.sagnheimar.is\/en\/wp-json\/wp\/v2\/posts\/159","targetHints":{"allow":["GET"]}}],"collection":[{"href":"https:\/\/www.sagnheimar.is\/en\/wp-json\/wp\/v2\/posts"}],"about":[{"href":"https:\/\/www.sagnheimar.is\/en\/wp-json\/wp\/v2\/types\/post"}],"author":[{"embeddable":true,"href":"https:\/\/www.sagnheimar.is\/en\/wp-json\/wp\/v2\/users\/1"}],"replies":[{"embeddable":true,"href":"https:\/\/www.sagnheimar.is\/en\/wp-json\/wp\/v2\/comments?post=159"}],"version-history":[{"count":0,"href":"https:\/\/www.sagnheimar.is\/en\/wp-json\/wp\/v2\/posts\/159\/revisions"}],"wp:featuredmedia":[{"embeddable":true,"href":"https:\/\/www.sagnheimar.is\/en\/wp-json\/wp\/v2\/media\/160"}],"wp:attachment":[{"href":"https:\/\/www.sagnheimar.is\/en\/wp-json\/wp\/v2\/media?parent=159"}],"wp:term":[{"taxonomy":"category","embeddable":true,"href":"https:\/\/www.sagnheimar.is\/en\/wp-json\/wp\/v2\/categories?post=159"},{"taxonomy":"post_tag","embeddable":true,"href":"https:\/\/www.sagnheimar.is\/en\/wp-json\/wp\/v2\/tags?post=159"}],"curies":[{"name":"wp","href":"https:\/\/api.w.org\/{rel}","templated":true}]}}