{"id":172,"date":"2015-03-06T00:00:00","date_gmt":"2015-03-06T00:00:00","guid":{"rendered":"http:\/\/www.sagnheimar.is\/eyjakonur-i-ithrottum-i-100-ar\/"},"modified":"2015-03-06T00:00:00","modified_gmt":"2015-03-06T00:00:00","slug":"eyjakonur-i-ithrottum-i-100-ar","status":"publish","type":"post","link":"https:\/\/www.sagnheimar.is\/en\/eyjakonur-i-ithrottum-i-100-ar\/","title":{"rendered":"Eyjakonur \u00ed \u00ed\u00fer\u00f3ttum \u00ed 100 \u00e1r"},"content":{"rendered":"<p>Sagnheimar, bygg\u00f0asafn \u00e1samt Safnah\u00fasi eru me\u00f0 margs konar verkefni \u00ed gangi \u00e1 \u00e1rinu sem tengist \u00fev\u00ed a\u00f0 n\u00fa eru 100 \u00e1r fr\u00e1 \u00fev\u00ed a\u00f0 konur fengu kosningar\u00e9tt \u00e1 \u00cdslandi. N\u00fa r\u00e9tt \u00ed \u00feessu fengum vi\u00f0 \u00fe\u00e6r fr\u00e1b\u00e6ru fr\u00e9ttir a\u00f0 afm\u00e6lisnefndin hef\u00f0i veitt <strong>Sagnheimum&nbsp;<\/strong>100.000 kr styrk \u00ed verkefni\u00f0 <strong>Eyjakonur \u00ed \u00ed\u00fer\u00f3ttum \u00ed 100 \u00e1r<\/strong>! Heimildavinna og undirb\u00faningur s\u00fdningarinnar er \u00feegar hafinn en stefnt er a\u00f0 opnun 17. ma\u00ed. Aldeilis fr\u00e1b\u00e6rar fr\u00e9ttir. Bestu \u00feakkir fyrir okkur!<\/p>\n<p><em>\u00c1&nbsp;me\u00f0fylgjandi mynd er handboltali\u00f0 \u00de\u00f3rs 1946.&nbsp;<\/em><em>Efri r\u00f6\u00f0 fr\u00e1 vinstri: Erla Eir\u00edksd\u00f3ttir Ur\u00f0avegi, \u00c1sta Hannesd\u00f3ttir H\u00e6li, Kristbj\u00f6rg Sigurj\u00f3nsd\u00f3ttir Sj\u00e1varg\u00f6tu, Krist\u00edn J\u00f3nsd\u00f3ttir Vestmannabraut. Ne\u00f0ri r\u00f6\u00f0: Sigr\u00ed\u00f0ur Sigur\u00f0ard\u00f3ttir Skuld, Fr\u00ed\u00f0a Bj\u00f6rnsd\u00f3ttir B\u00f3lsta\u00f0arhl\u00ed\u00f0, Stella Waagfj\u00f6r\u00f0 Gar\u00f0h\u00fasum.<\/em><\/p>\n<p>&nbsp;<\/p>\n<p><\/p>\n","protected":false},"excerpt":{"rendered":"<p>Sagnheimar, bygg\u00f0asafn \u00e1samt Safnah\u00fasi eru me\u00f0 margs konar verkefni \u00ed gangi \u00e1 \u00e1rinu sem tengist \u00fev\u00ed a\u00f0 n\u00fa eru 100 \u00e1r fr\u00e1 \u00fev\u00ed a\u00f0 konur fengu kosningar\u00e9tt \u00e1 \u00cdslandi. N\u00fa<\/p>\n","protected":false},"author":1,"featured_media":173,"comment_status":"closed","ping_status":"open","sticky":false,"template":"","format":"standard","meta":{"footnotes":""},"categories":[7],"tags":[],"class_list":["post-172","post","type-post","status-publish","format-standard","has-post-thumbnail","hentry","category-frettir-2015"],"_links":{"self":[{"href":"https:\/\/www.sagnheimar.is\/en\/wp-json\/wp\/v2\/posts\/172","targetHints":{"allow":["GET"]}}],"collection":[{"href":"https:\/\/www.sagnheimar.is\/en\/wp-json\/wp\/v2\/posts"}],"about":[{"href":"https:\/\/www.sagnheimar.is\/en\/wp-json\/wp\/v2\/types\/post"}],"author":[{"embeddable":true,"href":"https:\/\/www.sagnheimar.is\/en\/wp-json\/wp\/v2\/users\/1"}],"replies":[{"embeddable":true,"href":"https:\/\/www.sagnheimar.is\/en\/wp-json\/wp\/v2\/comments?post=172"}],"version-history":[{"count":0,"href":"https:\/\/www.sagnheimar.is\/en\/wp-json\/wp\/v2\/posts\/172\/revisions"}],"wp:featuredmedia":[{"embeddable":true,"href":"https:\/\/www.sagnheimar.is\/en\/wp-json\/wp\/v2\/media\/173"}],"wp:attachment":[{"href":"https:\/\/www.sagnheimar.is\/en\/wp-json\/wp\/v2\/media?parent=172"}],"wp:term":[{"taxonomy":"category","embeddable":true,"href":"https:\/\/www.sagnheimar.is\/en\/wp-json\/wp\/v2\/categories?post=172"},{"taxonomy":"post_tag","embeddable":true,"href":"https:\/\/www.sagnheimar.is\/en\/wp-json\/wp\/v2\/tags?post=172"}],"curies":[{"name":"wp","href":"https:\/\/api.w.org\/{rel}","templated":true}]}}