{"id":174,"date":"2015-02-09T00:00:00","date_gmt":"2015-02-09T00:00:00","guid":{"rendered":"http:\/\/www.sagnheimar.is\/saga-og-supa-i-sagnheimum-12-februar-kl-12\/"},"modified":"2015-02-09T00:00:00","modified_gmt":"2015-02-09T00:00:00","slug":"saga-og-supa-i-sagnheimum-12-februar-kl-12","status":"publish","type":"post","link":"https:\/\/www.sagnheimar.is\/en\/saga-og-supa-i-sagnheimum-12-februar-kl-12\/","title":{"rendered":"Saga og s\u00fapa \u00ed Sagnheimum, 12. febr\u00faar kl. 12"},"content":{"rendered":"<p>Gestur okkar \u00e1 n\u00e6sta s\u00fapufundi, fimmtudaginn 12. febr\u00faar kl. 12, er dr. \u00c1rni Bj\u00f6rnsson \u00fej\u00f3\u00f0h\u00e1ttafr\u00e6\u00f0ingur. \u00c1rni er vel \u00feekktur fyrir ranns\u00f3knir s\u00ednar og fr\u00e1sagnir af si\u00f0um og \u00fej\u00f3\u00f0tr\u00fa okkar \u00cdslendinga. Me\u00f0al fj\u00f6lmargra merkra b\u00f3ka hans m\u00e1 nefna:<em> Merkisdagar \u00e1 manns\u00e6vinni, Saga daganna, Hr\u00e6ranlegar h\u00e1t\u00ed\u00f0ir, \u00deorrabl\u00f3t \u00e1 \u00cdslandi, J\u00f3l \u00e1 \u00cdslandi, &nbsp;Gamlar \u00fej\u00f3\u00f0l\u00edfsmyndir, \u00cdslenskt v\u00e6ttatal. <\/em>\u00c1rni gegndi starfi forst\u00f6\u00f0umanns \u00fej\u00f3\u00f0h\u00e1ttadeildar \u00dej\u00f3\u00f0minjasafns \u00cdslands fr\u00e1 1969-2002 og hefur fengist vi\u00f0 kennslu b\u00e6\u00f0i \u00e1 \u00cdslandi og erlendis. \u00cd h\u00e1degiserindi s\u00ednu mun \u00c1rni fjalla um si\u00f0i og \u00fej\u00f3\u00f0tr\u00fa tengda \u00feorranum og mikilv\u00e6gi \u00feorrabl\u00f3ta fyrr og n\u00fa. Allir hjartanlega velkomnir!<\/p>\n<p>Dagskr\u00e1in er styrkt af Menningarr\u00e1\u00f0i Su\u00f0urlands.<\/p>\n<p><\/p>\n","protected":false},"excerpt":{"rendered":"<p>Gestur okkar \u00e1 n\u00e6sta s\u00fapufundi, fimmtudaginn 12. febr\u00faar kl. 12, er dr. \u00c1rni Bj\u00f6rnsson \u00fej\u00f3\u00f0h\u00e1ttafr\u00e6\u00f0ingur. \u00c1rni er vel \u00feekktur fyrir ranns\u00f3knir s\u00ednar og fr\u00e1sagnir af si\u00f0um og \u00fej\u00f3\u00f0tr\u00fa okkar \u00cdslendinga.<\/p>\n","protected":false},"author":1,"featured_media":175,"comment_status":"closed","ping_status":"open","sticky":false,"template":"","format":"standard","meta":{"footnotes":""},"categories":[7],"tags":[],"class_list":["post-174","post","type-post","status-publish","format-standard","has-post-thumbnail","hentry","category-frettir-2015"],"_links":{"self":[{"href":"https:\/\/www.sagnheimar.is\/en\/wp-json\/wp\/v2\/posts\/174","targetHints":{"allow":["GET"]}}],"collection":[{"href":"https:\/\/www.sagnheimar.is\/en\/wp-json\/wp\/v2\/posts"}],"about":[{"href":"https:\/\/www.sagnheimar.is\/en\/wp-json\/wp\/v2\/types\/post"}],"author":[{"embeddable":true,"href":"https:\/\/www.sagnheimar.is\/en\/wp-json\/wp\/v2\/users\/1"}],"replies":[{"embeddable":true,"href":"https:\/\/www.sagnheimar.is\/en\/wp-json\/wp\/v2\/comments?post=174"}],"version-history":[{"count":0,"href":"https:\/\/www.sagnheimar.is\/en\/wp-json\/wp\/v2\/posts\/174\/revisions"}],"wp:featuredmedia":[{"embeddable":true,"href":"https:\/\/www.sagnheimar.is\/en\/wp-json\/wp\/v2\/media\/175"}],"wp:attachment":[{"href":"https:\/\/www.sagnheimar.is\/en\/wp-json\/wp\/v2\/media?parent=174"}],"wp:term":[{"taxonomy":"category","embeddable":true,"href":"https:\/\/www.sagnheimar.is\/en\/wp-json\/wp\/v2\/categories?post=174"},{"taxonomy":"post_tag","embeddable":true,"href":"https:\/\/www.sagnheimar.is\/en\/wp-json\/wp\/v2\/tags?post=174"}],"curies":[{"name":"wp","href":"https:\/\/api.w.org\/{rel}","templated":true}]}}