{"id":178,"date":"2015-01-30T00:00:00","date_gmt":"2015-01-30T00:00:00","guid":{"rendered":"http:\/\/www.sagnheimar.is\/ur-kjallara-sagnheima-hvad-er-nu-thetta\/"},"modified":"2015-01-30T00:00:00","modified_gmt":"2015-01-30T00:00:00","slug":"ur-kjallara-sagnheima-hvad-er-nu-thetta","status":"publish","type":"post","link":"https:\/\/www.sagnheimar.is\/en\/ur-kjallara-sagnheima-hvad-er-nu-thetta\/","title":{"rendered":"\u00dar kjallara Sagnheima. Hva\u00f0 er n\u00fa \u00feetta?"},"content":{"rendered":"<p>Safnstj\u00f3ri n\u00fdtur \u00feeirra forr\u00e9ttinda \u00feessa dagana a\u00f0 gr\u00faska \u00ed geymslum safnsins. Markmi\u00f0i\u00f0 &nbsp;er&nbsp;a\u00f0 draga upp fleiri muni og b\u00e6ta \u00e1 bryggjusv\u00e6\u00f0i\u00f0 e\u00f0a skipta \u00fat fyrir a\u00f0ra. Leit \u00feessari fylgja oft mikil hr\u00f3p og h\u00e1ar stunur, sem a\u00f0rir starfsmenn Safnah\u00fass eru l\u00f6ngu h\u00e6ttir a\u00f0 kippa s\u00e9r upp vi\u00f0. N\u00fa komu upp \u00ed hendurnar \u00feessir hlutir, sem h\u00e9r eru \u00e1 mynd. \u00c1 v\u00e9lritu\u00f0um mi\u00f0a stendur: ,,F\u00e6risakka me\u00f0 lj\u00f3si.&#8221;. \u00deetta er l\u00edklega \u00far kopar, 18 cm langt, 4 cm \u00ed \u00feverm\u00e1l og me\u00f0 fj\u00f3rum litlum ,,gluggum&#8221;. Gefandinn, Fri\u00f0rik Alfre\u00f0sson fr\u00e1 Haga, segist hafa fundi\u00f0 \u00feetta \u00e1 milli \u00feilja \u00e1 Faxast\u00edg 14, \u00feegar hann vann \u00fear a\u00f0 endurb\u00f3tum 1986. Endilega hafi\u00f0 samband vi\u00f0 safnstj\u00f3ra, helga@sagnheimar.is, ef a\u00f0 \u00fei\u00f0 viti\u00f0 hven\u00e6r svona var nota\u00f0 og \u00fe\u00e1 vi\u00f0 hvers konar vei\u00f0ar?<\/p>\n<p>&nbsp;<\/p>\n<p><\/p>\n","protected":false},"excerpt":{"rendered":"<p>Safnstj\u00f3ri n\u00fdtur \u00feeirra forr\u00e9ttinda \u00feessa dagana a\u00f0 gr\u00faska \u00ed geymslum safnsins. Markmi\u00f0i\u00f0 &nbsp;er&nbsp;a\u00f0 draga upp fleiri muni og b\u00e6ta \u00e1 bryggjusv\u00e6\u00f0i\u00f0 e\u00f0a skipta \u00fat fyrir a\u00f0ra. Leit \u00feessari fylgja oft<\/p>\n","protected":false},"author":1,"featured_media":179,"comment_status":"closed","ping_status":"open","sticky":false,"template":"","format":"standard","meta":{"footnotes":""},"categories":[7],"tags":[],"class_list":["post-178","post","type-post","status-publish","format-standard","has-post-thumbnail","hentry","category-frettir-2015"],"_links":{"self":[{"href":"https:\/\/www.sagnheimar.is\/en\/wp-json\/wp\/v2\/posts\/178","targetHints":{"allow":["GET"]}}],"collection":[{"href":"https:\/\/www.sagnheimar.is\/en\/wp-json\/wp\/v2\/posts"}],"about":[{"href":"https:\/\/www.sagnheimar.is\/en\/wp-json\/wp\/v2\/types\/post"}],"author":[{"embeddable":true,"href":"https:\/\/www.sagnheimar.is\/en\/wp-json\/wp\/v2\/users\/1"}],"replies":[{"embeddable":true,"href":"https:\/\/www.sagnheimar.is\/en\/wp-json\/wp\/v2\/comments?post=178"}],"version-history":[{"count":0,"href":"https:\/\/www.sagnheimar.is\/en\/wp-json\/wp\/v2\/posts\/178\/revisions"}],"wp:featuredmedia":[{"embeddable":true,"href":"https:\/\/www.sagnheimar.is\/en\/wp-json\/wp\/v2\/media\/179"}],"wp:attachment":[{"href":"https:\/\/www.sagnheimar.is\/en\/wp-json\/wp\/v2\/media?parent=178"}],"wp:term":[{"taxonomy":"category","embeddable":true,"href":"https:\/\/www.sagnheimar.is\/en\/wp-json\/wp\/v2\/categories?post=178"},{"taxonomy":"post_tag","embeddable":true,"href":"https:\/\/www.sagnheimar.is\/en\/wp-json\/wp\/v2\/tags?post=178"}],"curies":[{"name":"wp","href":"https:\/\/api.w.org\/{rel}","templated":true}]}}