{"id":182,"date":"2015-01-12T00:00:00","date_gmt":"2015-01-12T00:00:00","guid":{"rendered":"http:\/\/www.sagnheimar.is\/vilborg-og-hrafninn-urslit-i-myndakeppni\/"},"modified":"2015-01-12T00:00:00","modified_gmt":"2015-01-12T00:00:00","slug":"vilborg-og-hrafninn-urslit-i-myndakeppni","status":"publish","type":"post","link":"https:\/\/www.sagnheimar.is\/en\/vilborg-og-hrafninn-urslit-i-myndakeppni\/","title":{"rendered":"Vilborg og hrafninn &#8211; \u00farslit \u00ed myndakeppni"},"content":{"rendered":"<p>Georg v\u00edkingur kom \u00ed Sagnheima 10. jan\u00faar og uppl\u00fdsti gesti hvernig \u00fea\u00f0 hef\u00f0i veri\u00f0 a\u00f0 vera v\u00edkingur &#8211; fyrr og n\u00fa. &nbsp;A\u00f0 lokum veitti hann ver\u00f0laun \u00ed myndasamkeppninni um <strong>Vilborgu og hrafninn \u00ed Herj\u00f3lfsdal<\/strong>.T\u00e6plega sext\u00edu myndir b\u00e1rust og var d\u00f3mnefndinni, Steinunni Einarsd\u00f3ttur &nbsp;og Krist\u00ednu Gar\u00f0arsd\u00f3ttur mikill vandi \u00e1 h\u00f6ndum. Komust \u00fe\u00e6r a\u00f0 \u00feeirri ni\u00f0urst\u00f6\u00f0u a\u00f0 myndirnar v\u00e6ru allar svo flottar a\u00f0 \u00ed raun v\u00e6ru allir krakkarnir sigurvegarar. Eftir a\u00f0 safnstj\u00f3ri var b\u00fainn a\u00f0 p\u00edna \u00fe\u00e6r a\u00f0eins meira, v\u00f6ldu \u00fe\u00e6r \u00far \u00ferj\u00e1r myndir sem voru ver\u00f0launa\u00f0ar s\u00e9rstaklega. &nbsp;H\u00e9r m\u00e1 sj\u00e1 vinningshafana me\u00f0 Helgu safnstj\u00f3ra og Georg v\u00edkingi.<\/p>\n<p>Fr\u00e1 vinstri: Arnar Berg Arnarson, Bertha \u00deorsteinsd\u00f3ttir og Aron M\u00e1ni Magn\u00fasson. &nbsp;Ver\u00f0launin voru b\u00f3kin <em>V\u00edkingarnir, norr\u00e6nir s\u00e6farar og v\u00edgamenn.<\/em><\/p>\n<p>Til hamingju krakkar &#8211; \u00fei\u00f0 voru\u00f0 \u00f6ll fr\u00e1b\u00e6r!<\/p>\n<p>Myndirnar hanga \u00ed stigagangi upp \u00ed Sagnheima en ver\u00f0a flj\u00f3tlega f\u00e6r\u00f0ar inn \u00e1 safni\u00f0.<\/p>\n<p>&nbsp;<\/p>\n<p><\/p>\n","protected":false},"excerpt":{"rendered":"<p>Georg v\u00edkingur kom \u00ed Sagnheima 10. jan\u00faar og uppl\u00fdsti gesti hvernig \u00fea\u00f0 hef\u00f0i veri\u00f0 a\u00f0 vera v\u00edkingur &#8211; fyrr og n\u00fa. &nbsp;A\u00f0 lokum veitti hann ver\u00f0laun \u00ed myndasamkeppninni um Vilborgu<\/p>\n","protected":false},"author":1,"featured_media":183,"comment_status":"closed","ping_status":"open","sticky":false,"template":"","format":"standard","meta":{"footnotes":""},"categories":[7],"tags":[],"class_list":["post-182","post","type-post","status-publish","format-standard","has-post-thumbnail","hentry","category-frettir-2015"],"_links":{"self":[{"href":"https:\/\/www.sagnheimar.is\/en\/wp-json\/wp\/v2\/posts\/182","targetHints":{"allow":["GET"]}}],"collection":[{"href":"https:\/\/www.sagnheimar.is\/en\/wp-json\/wp\/v2\/posts"}],"about":[{"href":"https:\/\/www.sagnheimar.is\/en\/wp-json\/wp\/v2\/types\/post"}],"author":[{"embeddable":true,"href":"https:\/\/www.sagnheimar.is\/en\/wp-json\/wp\/v2\/users\/1"}],"replies":[{"embeddable":true,"href":"https:\/\/www.sagnheimar.is\/en\/wp-json\/wp\/v2\/comments?post=182"}],"version-history":[{"count":0,"href":"https:\/\/www.sagnheimar.is\/en\/wp-json\/wp\/v2\/posts\/182\/revisions"}],"wp:featuredmedia":[{"embeddable":true,"href":"https:\/\/www.sagnheimar.is\/en\/wp-json\/wp\/v2\/media\/183"}],"wp:attachment":[{"href":"https:\/\/www.sagnheimar.is\/en\/wp-json\/wp\/v2\/media?parent=182"}],"wp:term":[{"taxonomy":"category","embeddable":true,"href":"https:\/\/www.sagnheimar.is\/en\/wp-json\/wp\/v2\/categories?post=182"},{"taxonomy":"post_tag","embeddable":true,"href":"https:\/\/www.sagnheimar.is\/en\/wp-json\/wp\/v2\/tags?post=182"}],"curies":[{"name":"wp","href":"https:\/\/api.w.org\/{rel}","templated":true}]}}