{"id":184,"date":"2015-01-05T00:00:00","date_gmt":"2015-01-05T00:00:00","guid":{"rendered":"http:\/\/www.sagnheimar.is\/threttandagledi-i-safnahusi-vestmannaeyja\/"},"modified":"2015-01-05T00:00:00","modified_gmt":"2015-01-05T00:00:00","slug":"threttandagledi-i-safnahusi-vestmannaeyja","status":"publish","type":"post","link":"https:\/\/www.sagnheimar.is\/en\/threttandagledi-i-safnahusi-vestmannaeyja\/","title":{"rendered":"\u00derett\u00e1ndagle\u00f0i \u00ed Safnah\u00fasi Vestmannaeyja"},"content":{"rendered":"<p>\u00derett\u00e1ndagle\u00f0i Safnah\u00fass ver\u00f0ur haldin laugardaginn 10. jan\u00faar.<\/p>\n<p><strong><u>Dagskr\u00e1:<\/u><\/strong><\/p>\n<p><strong>13:00 Einarsstofa<\/strong>. Opnun myndlistars\u00fdningar \u00e1 verkum J\u00f3h\u00f6nnu Erlendsd\u00f3ttur, m\u00f3\u00f0ur Gu\u00f0na Hermansen. Barnab\u00f6rn J\u00f3h\u00f6nnu fjalla stuttlega um \u00feessa gleymsdu listaperlu Eyjanna.<\/p>\n<p><strong>13:30 Sagnheimar-bryggjan.<\/strong> Georg v\u00edkingur veitir ver\u00f0laun \u00ed myndakeppni Sagnheima um Vilborgu og hrafninn og segir fr\u00e1 l\u00edfi v\u00edkinga. \u00deorir \u00fe\u00fa \u00ed sj\u00f3mann vi\u00f0 alv\u00f6ru v\u00edking? Dagskr\u00e1in er styrkt af Menningarr\u00e1\u00f0i Su\u00f0urlands.<\/p>\n<p><strong>14:00 Sagnheimar-bryggjan<\/strong>. Kolbr\u00fan Harpa Kolbeinsd\u00f3ttir kynnir og les upp \u00far n\u00fdrri s\u00f6gu sinni, <em>Silfurskr\u00edni\u00f0<\/em>, fyrir b\u00f6rn \u00e1 \u00f6llum aldri.<\/p>\n<p><strong>Allir hjartanlega velkomnir!<\/strong><\/p>\n<p>&nbsp;<\/p>\n<p><\/p>\n","protected":false},"excerpt":{"rendered":"<p>\u00derett\u00e1ndagle\u00f0i Safnah\u00fass ver\u00f0ur haldin laugardaginn 10. jan\u00faar. Dagskr\u00e1: 13:00 Einarsstofa. Opnun myndlistars\u00fdningar \u00e1 verkum J\u00f3h\u00f6nnu Erlendsd\u00f3ttur, m\u00f3\u00f0ur Gu\u00f0na Hermansen. Barnab\u00f6rn J\u00f3h\u00f6nnu fjalla stuttlega um \u00feessa gleymsdu listaperlu Eyjanna. 13:30 Sagnheimar-bryggjan.<\/p>\n","protected":false},"author":1,"featured_media":185,"comment_status":"closed","ping_status":"open","sticky":false,"template":"","format":"standard","meta":{"footnotes":""},"categories":[7],"tags":[],"class_list":["post-184","post","type-post","status-publish","format-standard","has-post-thumbnail","hentry","category-frettir-2015"],"_links":{"self":[{"href":"https:\/\/www.sagnheimar.is\/en\/wp-json\/wp\/v2\/posts\/184","targetHints":{"allow":["GET"]}}],"collection":[{"href":"https:\/\/www.sagnheimar.is\/en\/wp-json\/wp\/v2\/posts"}],"about":[{"href":"https:\/\/www.sagnheimar.is\/en\/wp-json\/wp\/v2\/types\/post"}],"author":[{"embeddable":true,"href":"https:\/\/www.sagnheimar.is\/en\/wp-json\/wp\/v2\/users\/1"}],"replies":[{"embeddable":true,"href":"https:\/\/www.sagnheimar.is\/en\/wp-json\/wp\/v2\/comments?post=184"}],"version-history":[{"count":0,"href":"https:\/\/www.sagnheimar.is\/en\/wp-json\/wp\/v2\/posts\/184\/revisions"}],"wp:featuredmedia":[{"embeddable":true,"href":"https:\/\/www.sagnheimar.is\/en\/wp-json\/wp\/v2\/media\/185"}],"wp:attachment":[{"href":"https:\/\/www.sagnheimar.is\/en\/wp-json\/wp\/v2\/media?parent=184"}],"wp:term":[{"taxonomy":"category","embeddable":true,"href":"https:\/\/www.sagnheimar.is\/en\/wp-json\/wp\/v2\/categories?post=184"},{"taxonomy":"post_tag","embeddable":true,"href":"https:\/\/www.sagnheimar.is\/en\/wp-json\/wp\/v2\/tags?post=184"}],"curies":[{"name":"wp","href":"https:\/\/api.w.org\/{rel}","templated":true}]}}