{"id":186,"date":"2015-01-04T00:00:00","date_gmt":"2015-01-04T00:00:00","guid":{"rendered":"http:\/\/www.sagnheimar.is\/nyarsoskir-fra-sagnheimum\/"},"modified":"2015-01-04T00:00:00","modified_gmt":"2015-01-04T00:00:00","slug":"nyarsoskir-fra-sagnheimum","status":"publish","type":"post","link":"https:\/\/www.sagnheimar.is\/en\/nyarsoskir-fra-sagnheimum\/","title":{"rendered":"N\u00fd\u00e1rs\u00f3skir fr\u00e1 Sagnheimum"},"content":{"rendered":"<p>Sagnheimar \u00feakka&nbsp;gestum og velunnurum fyrir samveruna \u00e1 \u00e1rinu 2014 og \u00f3skar \u00feeim velfarna\u00f0ar \u00e1 n\u00fdju \u00e1ri!&nbsp;S\u00ed\u00f0asta \u00e1r var mj\u00f6g vi\u00f0bur\u00f0ar\u00edkt \u00ed Safnah\u00fasi en alls voru skr\u00e1\u00f0ir 45 vi\u00f0bur\u00f0ir og s\u00fdningar. Undirb\u00faningur fyrir \u00e1ri\u00f0 2015 er l\u00f6ngu hafinn. \u00c1 n\u00fdbyrju\u00f0u \u00e1ri&nbsp;er \u00feess v\u00ed\u00f0a minnst a\u00f0 100 \u00e1r eru li\u00f0in fr\u00e1 \u00fev\u00ed a\u00f0 konur fengu kosningar\u00e9tt h\u00e9r \u00e1 landi. Reikna m\u00e1 \u00fev\u00ed&nbsp;me\u00f0 \u00fev\u00ed a\u00f0 verulegur ,,kvenlegur halli&#8221; &nbsp;ver\u00f0i \u00e1 vi\u00f0bur\u00f0um og s\u00fdningum&nbsp;Safnah\u00fass \u00e1 \u00e1rinu. Vi\u00f0bur\u00f0ir ver\u00f0a eins og \u00e1\u00f0ur augl\u00fdstir \u00e1 heimas\u00ed\u00f0um og me\u00f0 augl\u00fdsingum \u00ed Safnah\u00fasi og \u00ed Eyjafr\u00e9tttum.<\/p>\n<p>Hl\u00f6kkum til a\u00f0 sj\u00e1 ykkur sem flest \u00ed Safnah\u00fasi \u00e1 n\u00fdju \u00e1ri!<\/p>\n<p><\/p>\n","protected":false},"excerpt":{"rendered":"<p>Sagnheimar \u00feakka&nbsp;gestum og velunnurum fyrir samveruna \u00e1 \u00e1rinu 2014 og \u00f3skar \u00feeim velfarna\u00f0ar \u00e1 n\u00fdju \u00e1ri!&nbsp;S\u00ed\u00f0asta \u00e1r var mj\u00f6g vi\u00f0bur\u00f0ar\u00edkt \u00ed Safnah\u00fasi en alls voru skr\u00e1\u00f0ir 45 vi\u00f0bur\u00f0ir og s\u00fdningar.<\/p>\n","protected":false},"author":1,"featured_media":187,"comment_status":"closed","ping_status":"open","sticky":false,"template":"","format":"standard","meta":{"footnotes":""},"categories":[7],"tags":[],"class_list":["post-186","post","type-post","status-publish","format-standard","has-post-thumbnail","hentry","category-frettir-2015"],"_links":{"self":[{"href":"https:\/\/www.sagnheimar.is\/en\/wp-json\/wp\/v2\/posts\/186","targetHints":{"allow":["GET"]}}],"collection":[{"href":"https:\/\/www.sagnheimar.is\/en\/wp-json\/wp\/v2\/posts"}],"about":[{"href":"https:\/\/www.sagnheimar.is\/en\/wp-json\/wp\/v2\/types\/post"}],"author":[{"embeddable":true,"href":"https:\/\/www.sagnheimar.is\/en\/wp-json\/wp\/v2\/users\/1"}],"replies":[{"embeddable":true,"href":"https:\/\/www.sagnheimar.is\/en\/wp-json\/wp\/v2\/comments?post=186"}],"version-history":[{"count":0,"href":"https:\/\/www.sagnheimar.is\/en\/wp-json\/wp\/v2\/posts\/186\/revisions"}],"wp:featuredmedia":[{"embeddable":true,"href":"https:\/\/www.sagnheimar.is\/en\/wp-json\/wp\/v2\/media\/187"}],"wp:attachment":[{"href":"https:\/\/www.sagnheimar.is\/en\/wp-json\/wp\/v2\/media?parent=186"}],"wp:term":[{"taxonomy":"category","embeddable":true,"href":"https:\/\/www.sagnheimar.is\/en\/wp-json\/wp\/v2\/categories?post=186"},{"taxonomy":"post_tag","embeddable":true,"href":"https:\/\/www.sagnheimar.is\/en\/wp-json\/wp\/v2\/tags?post=186"}],"curies":[{"name":"wp","href":"https:\/\/api.w.org\/{rel}","templated":true}]}}