{"id":190,"date":"2014-12-05T00:00:00","date_gmt":"2014-12-05T00:00:00","guid":{"rendered":"http:\/\/www.sagnheimar.is\/vilborg-og-hrafninn-syning-i-safnahusi-vestmannaeyja\/"},"modified":"2014-12-05T00:00:00","modified_gmt":"2014-12-05T00:00:00","slug":"vilborg-og-hrafninn-syning-i-safnahusi-vestmannaeyja","status":"publish","type":"post","link":"https:\/\/www.sagnheimar.is\/en\/vilborg-og-hrafninn-syning-i-safnahusi-vestmannaeyja\/","title":{"rendered":"Vilborg og hrafninn &#8211; s\u00fdning \u00ed Safnah\u00fasi Vestmannaeyja"},"content":{"rendered":"<p>j\u00e6ja, n\u00fa erum vi\u00f0 b\u00fain a\u00f0 hengja upp myndirnar sem krakkar \u00ed 1.-5. bekk&nbsp;teiknu\u00f0u vi\u00f0 s\u00f6guna um Vilborgu og hrafninn \u00ed Herj\u00f3lfsdal! &nbsp;\u00derj\u00e1r myndir f\u00e1 s\u00ed\u00f0an ver\u00f0laun \u00e1 \u00ferett\u00e1ndanum &#8211; 9. jan\u00faar. &nbsp;Myndirnar eru \u00e1 veggnum vi\u00f0 stigann upp \u00ed Sagnheima og ver\u00f0a til s\u00fdnis \u00e1 opnunart\u00edmum Safnah\u00fass, \u00fe.e.&nbsp;&nbsp;m\u00e1nud.-fimmtud. fr\u00e1 kl. 10-18, f\u00f6stud\u00f6gum kl. 10-17 og \u00e1 laugard\u00f6gum kl. 11-16. &nbsp;Endilega komi\u00f0 og k\u00edki\u00f0 \u00e1 \u00feessar flottu myndir!<\/p>\n<p>Allir hjartanlega velkomnir!<\/p>\n<p><\/p>\n","protected":false},"excerpt":{"rendered":"<p>j\u00e6ja, n\u00fa erum vi\u00f0 b\u00fain a\u00f0 hengja upp myndirnar sem krakkar \u00ed 1.-5. bekk&nbsp;teiknu\u00f0u vi\u00f0 s\u00f6guna um Vilborgu og hrafninn \u00ed Herj\u00f3lfsdal! &nbsp;\u00derj\u00e1r myndir f\u00e1 s\u00ed\u00f0an ver\u00f0laun \u00e1 \u00ferett\u00e1ndanum &#8211;<\/p>\n","protected":false},"author":1,"featured_media":191,"comment_status":"closed","ping_status":"open","sticky":false,"template":"","format":"standard","meta":{"footnotes":""},"categories":[8],"tags":[],"class_list":["post-190","post","type-post","status-publish","format-standard","has-post-thumbnail","hentry","category-frettir-2014"],"_links":{"self":[{"href":"https:\/\/www.sagnheimar.is\/en\/wp-json\/wp\/v2\/posts\/190","targetHints":{"allow":["GET"]}}],"collection":[{"href":"https:\/\/www.sagnheimar.is\/en\/wp-json\/wp\/v2\/posts"}],"about":[{"href":"https:\/\/www.sagnheimar.is\/en\/wp-json\/wp\/v2\/types\/post"}],"author":[{"embeddable":true,"href":"https:\/\/www.sagnheimar.is\/en\/wp-json\/wp\/v2\/users\/1"}],"replies":[{"embeddable":true,"href":"https:\/\/www.sagnheimar.is\/en\/wp-json\/wp\/v2\/comments?post=190"}],"version-history":[{"count":0,"href":"https:\/\/www.sagnheimar.is\/en\/wp-json\/wp\/v2\/posts\/190\/revisions"}],"wp:featuredmedia":[{"embeddable":true,"href":"https:\/\/www.sagnheimar.is\/en\/wp-json\/wp\/v2\/media\/191"}],"wp:attachment":[{"href":"https:\/\/www.sagnheimar.is\/en\/wp-json\/wp\/v2\/media?parent=190"}],"wp:term":[{"taxonomy":"category","embeddable":true,"href":"https:\/\/www.sagnheimar.is\/en\/wp-json\/wp\/v2\/categories?post=190"},{"taxonomy":"post_tag","embeddable":true,"href":"https:\/\/www.sagnheimar.is\/en\/wp-json\/wp\/v2\/tags?post=190"}],"curies":[{"name":"wp","href":"https:\/\/api.w.org\/{rel}","templated":true}]}}