{"id":196,"date":"2014-11-14T00:00:00","date_gmt":"2014-11-14T00:00:00","guid":{"rendered":"http:\/\/www.sagnheimar.is\/einarsstofa-styrimannaskolinn-i-50-ar\/"},"modified":"2014-11-14T00:00:00","modified_gmt":"2014-11-14T00:00:00","slug":"einarsstofa-styrimannaskolinn-i-50-ar","status":"publish","type":"post","link":"https:\/\/www.sagnheimar.is\/en\/einarsstofa-styrimannaskolinn-i-50-ar\/","title":{"rendered":"Einarsstofa &#8211; St\u00fdrimannask\u00f3linn \u00ed 50 \u00e1r"},"content":{"rendered":"<p>\u00deess er n\u00fa minnst \u00ed Einarsstofu a\u00f0 50 \u00e1r eru li\u00f0in fr\u00e1 \u00fev\u00ed a\u00f0 St\u00fdrimannask\u00f3li var stofna\u00f0ur h\u00e9r \u00ed Eyjum. S\u00fdndar eru myndir af nemendum og kennurum sk\u00f3lans en svo margar myndir leyndust \u00ed lj\u00f3smyndasafninu a\u00f0 skipta var\u00f0 s\u00fdningunni \u00ed tvennt. \u00cd dag f\u00f6studag er \u00fev\u00ed skipt um myndir og n\u00fa bara s\u00fdndar myndir fr\u00e1 1984 og yngri. &nbsp;Vi\u00f0 \u00feessi t\u00edmam\u00f3t sk\u00f3lans hefur Fri\u00f0rik \u00c1smundsson fyrrum sk\u00f3lameistari&nbsp;teki\u00f0 saman skemmtilegt og fr\u00f3\u00f0legt kver um s\u00f6gu sk\u00f3lans og \u00fe\u00e1 sem hann s\u00f3ttu, nemendur og kennara. Kveri\u00f0 heitir: <em><strong>Skipstj\u00f3rnarn\u00e1m og St\u00fdrimannask\u00f3linn \u00ed Vestmannaeyjum <\/strong><\/em>og m\u00e1 n\u00e1lgast \u00fea\u00f0 hj\u00e1 Fri\u00f0rik sj\u00e1lfum. S\u00fdningin ver\u00f0ur \u00ed Einarsstofu til 20. n\u00f3vember og er opin \u00e1 opnunart\u00edma Safnah\u00fass. K\u00edki\u00f0 endilega \u00e1 \u00feessar skemmtilegu s\u00fdningu af kempunum!<\/p>\n<p><\/p>\n","protected":false},"excerpt":{"rendered":"<p>\u00deess er n\u00fa minnst \u00ed Einarsstofu a\u00f0 50 \u00e1r eru li\u00f0in fr\u00e1 \u00fev\u00ed a\u00f0 St\u00fdrimannask\u00f3li var stofna\u00f0ur h\u00e9r \u00ed Eyjum. S\u00fdndar eru myndir af nemendum og kennurum sk\u00f3lans en svo<\/p>\n","protected":false},"author":1,"featured_media":197,"comment_status":"closed","ping_status":"open","sticky":false,"template":"","format":"standard","meta":{"footnotes":""},"categories":[8],"tags":[],"class_list":["post-196","post","type-post","status-publish","format-standard","has-post-thumbnail","hentry","category-frettir-2014"],"_links":{"self":[{"href":"https:\/\/www.sagnheimar.is\/en\/wp-json\/wp\/v2\/posts\/196","targetHints":{"allow":["GET"]}}],"collection":[{"href":"https:\/\/www.sagnheimar.is\/en\/wp-json\/wp\/v2\/posts"}],"about":[{"href":"https:\/\/www.sagnheimar.is\/en\/wp-json\/wp\/v2\/types\/post"}],"author":[{"embeddable":true,"href":"https:\/\/www.sagnheimar.is\/en\/wp-json\/wp\/v2\/users\/1"}],"replies":[{"embeddable":true,"href":"https:\/\/www.sagnheimar.is\/en\/wp-json\/wp\/v2\/comments?post=196"}],"version-history":[{"count":0,"href":"https:\/\/www.sagnheimar.is\/en\/wp-json\/wp\/v2\/posts\/196\/revisions"}],"wp:featuredmedia":[{"embeddable":true,"href":"https:\/\/www.sagnheimar.is\/en\/wp-json\/wp\/v2\/media\/197"}],"wp:attachment":[{"href":"https:\/\/www.sagnheimar.is\/en\/wp-json\/wp\/v2\/media?parent=196"}],"wp:term":[{"taxonomy":"category","embeddable":true,"href":"https:\/\/www.sagnheimar.is\/en\/wp-json\/wp\/v2\/categories?post=196"},{"taxonomy":"post_tag","embeddable":true,"href":"https:\/\/www.sagnheimar.is\/en\/wp-json\/wp\/v2\/tags?post=196"}],"curies":[{"name":"wp","href":"https:\/\/api.w.org\/{rel}","templated":true}]}}