{"id":212,"date":"2014-09-04T00:00:00","date_gmt":"2014-09-04T00:00:00","guid":{"rendered":"http:\/\/www.sagnheimar.is\/sagnheimum-faerdir-munir-fra-gudbjorgu-og-hjalmari-fra-dolum\/"},"modified":"2014-09-04T00:00:00","modified_gmt":"2014-09-04T00:00:00","slug":"sagnheimum-faerdir-munir-fra-gudbjorgu-og-hjalmari-fra-dolum","status":"publish","type":"post","link":"https:\/\/www.sagnheimar.is\/en\/sagnheimum-faerdir-munir-fra-gudbjorgu-og-hjalmari-fra-dolum\/","title":{"rendered":"Sagnheimum f\u00e6r\u00f0ir munir fr\u00e1 Gu\u00f0bj\u00f6rgu og Hj\u00e1lmari fr\u00e1 D\u00f6lum"},"content":{"rendered":"<p>Fyrir sk\u00f6mmu f\u00e6r\u00f0u tv\u00f6 barna <strong>Gu\u00f0bjargar Helgad\u00f3ttur og Hj\u00e1lmars J\u00f3nssonar &nbsp;fr\u00e1 D\u00f6lum<\/strong> Sagnheimum, bygg\u00f0asafni muni til var\u00f0veislu. Um var a\u00f0 r\u00e6\u00f0a<strong> kaffikv\u00f6rn<\/strong> sem gefendur muna eftir fr\u00e1 bernsku\u00e1rum s\u00ednum og <strong>harmonikku<\/strong>. Hj\u00e1lmar mun hafa spila\u00f0 \u00e1 nikku&nbsp;\u00e1 b\u00f6llum fr\u00e1 17 \u00e1ra aldri og einnig var h\u00fan alltaf me\u00f0 \u00ed f\u00f6r \u00ed \u00c1lsey. B\u00e1\u00f0a \u00feessa muni haf\u00f0i Jakob\u00edna var\u00f0veitt hin s\u00ed\u00f0ari \u00e1r.<\/p>\n<p>Nikkunni hefur veri\u00f0 fundinn sta\u00f0ur \u00ed \u00fateyjarkofanum \u00e1 bryggjusv\u00e6\u00f0i Sagnheima og er einstaklega skemmtileg vi\u00f0b\u00f3t vi\u00f0 safni\u00f0 og er \u00feeim systkinum f\u00e6r\u00f0ar bestu \u00feakkir!<\/p>\n<p>\u00c1 myndinni h\u00e9r a\u00f0 ofan&nbsp;m\u00e1 sj\u00e1 Sveinbj\u00f6rn Hj\u00e1lmarsson me\u00f0 nikkuna, Jakob\u00ednu Hj\u00e1lmarsd\u00f3ttur me\u00f0 kaffikv\u00f6rnina og Ernu J\u00f3hannesd\u00f3ttur eiginkonu Sveinbjarnar \u00e1samt safnstj\u00f3ra.<\/p>\n<p><\/p>\n","protected":false},"excerpt":{"rendered":"<p>Fyrir sk\u00f6mmu f\u00e6r\u00f0u tv\u00f6 barna Gu\u00f0bjargar Helgad\u00f3ttur og Hj\u00e1lmars J\u00f3nssonar &nbsp;fr\u00e1 D\u00f6lum Sagnheimum, bygg\u00f0asafni muni til var\u00f0veislu. Um var a\u00f0 r\u00e6\u00f0a kaffikv\u00f6rn sem gefendur muna eftir fr\u00e1 bernsku\u00e1rum s\u00ednum og<\/p>\n","protected":false},"author":1,"featured_media":213,"comment_status":"closed","ping_status":"open","sticky":false,"template":"","format":"standard","meta":{"footnotes":""},"categories":[8],"tags":[],"class_list":["post-212","post","type-post","status-publish","format-standard","has-post-thumbnail","hentry","category-frettir-2014"],"_links":{"self":[{"href":"https:\/\/www.sagnheimar.is\/en\/wp-json\/wp\/v2\/posts\/212","targetHints":{"allow":["GET"]}}],"collection":[{"href":"https:\/\/www.sagnheimar.is\/en\/wp-json\/wp\/v2\/posts"}],"about":[{"href":"https:\/\/www.sagnheimar.is\/en\/wp-json\/wp\/v2\/types\/post"}],"author":[{"embeddable":true,"href":"https:\/\/www.sagnheimar.is\/en\/wp-json\/wp\/v2\/users\/1"}],"replies":[{"embeddable":true,"href":"https:\/\/www.sagnheimar.is\/en\/wp-json\/wp\/v2\/comments?post=212"}],"version-history":[{"count":0,"href":"https:\/\/www.sagnheimar.is\/en\/wp-json\/wp\/v2\/posts\/212\/revisions"}],"wp:featuredmedia":[{"embeddable":true,"href":"https:\/\/www.sagnheimar.is\/en\/wp-json\/wp\/v2\/media\/213"}],"wp:attachment":[{"href":"https:\/\/www.sagnheimar.is\/en\/wp-json\/wp\/v2\/media?parent=212"}],"wp:term":[{"taxonomy":"category","embeddable":true,"href":"https:\/\/www.sagnheimar.is\/en\/wp-json\/wp\/v2\/categories?post=212"},{"taxonomy":"post_tag","embeddable":true,"href":"https:\/\/www.sagnheimar.is\/en\/wp-json\/wp\/v2\/tags?post=212"}],"curies":[{"name":"wp","href":"https:\/\/api.w.org\/{rel}","templated":true}]}}