{"id":224,"date":"2014-07-08T00:00:00","date_gmt":"2014-07-08T00:00:00","guid":{"rendered":"http:\/\/www.sagnheimar.is\/thjodhatid-thjofstartad-i-einarsstofu-safnahuss\/"},"modified":"2014-07-08T00:00:00","modified_gmt":"2014-07-08T00:00:00","slug":"thjodhatid-thjofstartad-i-einarsstofu-safnahuss","status":"publish","type":"post","link":"https:\/\/www.sagnheimar.is\/en\/thjodhatid-thjofstartad-i-einarsstofu-safnahuss\/","title":{"rendered":"\u00dej\u00f3\u00f0h\u00e1t\u00ed\u00f0 \u00fej\u00f3fstarta\u00f0 \u00ed Einarsstofu Safnah\u00fass"},"content":{"rendered":"<p>\u00cd tilefni 140 \u00e1ra afm\u00e6lis \u00dej\u00f3\u00f0h\u00e1t\u00ed\u00f0ar ver\u00f0ur \u00e1 <strong>laugardaginn 12. j\u00fal\u00ed kl. 14<\/strong> opnu\u00f0 s\u00f6gus\u00fdning um merki \u00fej\u00f3\u00f0h\u00e1t\u00ed\u00f0ar 1970-2014. Gunnar J\u00fal\u00edusson og nokkrir f\u00e9lagar hafa safna\u00f0 saman uppl\u00fdsingum um \u00feessi merki sem m\u00f6rg hver eru sannk\u00f6llu\u00f0 listaverk og s\u00fdna vel l\u00edfstakt og s\u00e1l Eyjanna.<\/p>\n<p>D\u00f3ra Bj\u00f6rk Gunnarsd\u00f3ttir framkv\u00e6mdastj\u00f3ri \u00cdBV kynnir n\u00fdtt afm\u00e6lismerki \u00dej\u00f3\u00f0h\u00e1t\u00ed\u00f0ar 2014.&nbsp;<\/p>\n<p>Brekkus\u00f6ngur og flatk\u00f6kur.<\/p>\n<p>Allir hjartanlega velkomnir!<\/p>\n<p>Verkefni\u00f0 er \u00ed samvinnu vi\u00f0 \u00dej\u00f3\u00f0h\u00e1t\u00ed\u00f0arnefnd og er styrkt af \u00cdBV.<\/p>\n<p>S\u00fdningin mun standa fram yfir \u00dej\u00f3\u00f0h\u00e1t\u00ed\u00f0.<\/p>\n<p><\/p>\n","protected":false},"excerpt":{"rendered":"<p>\u00cd tilefni 140 \u00e1ra afm\u00e6lis \u00dej\u00f3\u00f0h\u00e1t\u00ed\u00f0ar ver\u00f0ur \u00e1 laugardaginn 12. j\u00fal\u00ed kl. 14 opnu\u00f0 s\u00f6gus\u00fdning um merki \u00fej\u00f3\u00f0h\u00e1t\u00ed\u00f0ar 1970-2014. Gunnar J\u00fal\u00edusson og nokkrir f\u00e9lagar hafa safna\u00f0 saman uppl\u00fdsingum um \u00feessi<\/p>\n","protected":false},"author":1,"featured_media":225,"comment_status":"closed","ping_status":"open","sticky":false,"template":"","format":"standard","meta":{"footnotes":""},"categories":[8],"tags":[],"class_list":["post-224","post","type-post","status-publish","format-standard","has-post-thumbnail","hentry","category-frettir-2014"],"_links":{"self":[{"href":"https:\/\/www.sagnheimar.is\/en\/wp-json\/wp\/v2\/posts\/224","targetHints":{"allow":["GET"]}}],"collection":[{"href":"https:\/\/www.sagnheimar.is\/en\/wp-json\/wp\/v2\/posts"}],"about":[{"href":"https:\/\/www.sagnheimar.is\/en\/wp-json\/wp\/v2\/types\/post"}],"author":[{"embeddable":true,"href":"https:\/\/www.sagnheimar.is\/en\/wp-json\/wp\/v2\/users\/1"}],"replies":[{"embeddable":true,"href":"https:\/\/www.sagnheimar.is\/en\/wp-json\/wp\/v2\/comments?post=224"}],"version-history":[{"count":0,"href":"https:\/\/www.sagnheimar.is\/en\/wp-json\/wp\/v2\/posts\/224\/revisions"}],"wp:featuredmedia":[{"embeddable":true,"href":"https:\/\/www.sagnheimar.is\/en\/wp-json\/wp\/v2\/media\/225"}],"wp:attachment":[{"href":"https:\/\/www.sagnheimar.is\/en\/wp-json\/wp\/v2\/media?parent=224"}],"wp:term":[{"taxonomy":"category","embeddable":true,"href":"https:\/\/www.sagnheimar.is\/en\/wp-json\/wp\/v2\/categories?post=224"},{"taxonomy":"post_tag","embeddable":true,"href":"https:\/\/www.sagnheimar.is\/en\/wp-json\/wp\/v2\/tags?post=224"}],"curies":[{"name":"wp","href":"https:\/\/api.w.org\/{rel}","templated":true}]}}