{"id":234,"date":"2014-06-17T00:00:00","date_gmt":"2014-06-17T00:00:00","guid":{"rendered":"http:\/\/www.sagnheimar.is\/soley-gudmundsdottir-fjallkonan-2014\/"},"modified":"2014-06-17T00:00:00","modified_gmt":"2014-06-17T00:00:00","slug":"soley-gudmundsdottir-fjallkonan-2014","status":"publish","type":"post","link":"https:\/\/www.sagnheimar.is\/en\/soley-gudmundsdottir-fjallkonan-2014\/","title":{"rendered":"S\u00f3ley Gu\u00f0mundsd\u00f3ttir fjallkonan 2014"},"content":{"rendered":"<p>S\u00f3ley Gu\u00f0mundsd\u00f3ttir er fjallkonan okkar \u00ed dag. H\u00fan kl\u00e6\u00f0ist bl\u00e1um kyrtli \u00far eigu Sagnheima sem \u00d3l\u00f6f Waage sauma\u00f0i og ber koffur og stokkabelti me\u00f0 sprota \u00far eigu \u00c1sd\u00edsar Johnsen, einnig var\u00f0veitt \u00ed Sagnheimum.<\/p>\n<p>S\u00f3ley flytur h\u00e1t\u00ed\u00f0arlj\u00f3\u00f0 J\u00f6kuls J\u00f6rgensens \u00cdsland \u00ed Hraunb\u00fa\u00f0um og \u00e1 Stakkager\u00f0ist\u00fani, sj\u00e1 n\u00e1nar me\u00f0 \u00fev\u00ed a\u00f0 smella \u00e1 fyrirs\u00f6gn \u00feessarar fr\u00e9ttar.<\/p>\n<p>Gle\u00f0ilega h\u00e1t\u00ed\u00f0!<\/p>\n<p><\/p>\n<p><strong>\u00cdsland- J\u00f6kull J\u00f6rgensen<\/strong><\/p>\n<p>Fj\u00f3la fagnar himni hei\u00f0um<\/p>\n<p>hrakin eins og skip \u00ed strandi<\/p>\n<p>L\u00e6\u00f0ist \u00feoka hv\u00edslar f\u00f6lsku<\/p>\n<p>Huli\u00f0shj\u00fapur forni fjandi<\/p>\n<p>&nbsp;<\/p>\n<p>L\u00f6ngum eyja, logum brann<\/p>\n<p>\u00edsil\u00f6g\u00f0 um aldir b\u00ed\u00f0ur<\/p>\n<p>Skugga vefur einn \u00e1 b\u00e1ti<\/p>\n<p>brosir m\u00e1ninn bl\u00ed\u00f0ur<\/p>\n<p>&nbsp;<\/p>\n<p>\u00c1 fj\u00f6ru fer\u00f0alangur strandar<\/p>\n<p>f\u00fainn yst og innan hrakinn<\/p>\n<p>Gl\u00e6sileg&nbsp; gn\u00e6fir burstin<\/p>\n<p>\u00fe\u00f3 gisin standi \u00feilin nakin<\/p>\n<p>&nbsp;<\/p>\n<p>Flj\u00f3tin renna dj\u00fap og hlj\u00f3\u00f0<\/p>\n<p>B\u00f6rnin hamast heit og rj\u00f3\u00f0<\/p>\n<p>Gamlar varir bl\u00e1sa \u00ed kaun<\/p>\n<p>gl\u00e6\u00f0ur lifna i laun<\/p>\n<p>&nbsp;<\/p>\n<p>Upp til sveita \u00fat vi\u00f0 s\u00e6<\/p>\n<p>sj\u00e1 m\u00e1 leigukoti\u00f0 aumt.<\/p>\n<p>\u00dear fer engin b\u00f3nlei\u00f0ur<\/p>\n<p>\u00fe\u00f3 skammta\u00f0 s\u00e9 oft naumt.<\/p>\n<p>&nbsp;<\/p>\n<p>Bl\u00ed\u00f0ur b\u00ed\u00f0ur lautarbolli<\/p>\n<p>enn m\u00e1 les&#8217; \u00ed sk\u00fd og bl\u00f3m<\/p>\n<p>\u00feungur spyr hinn salti s\u00e6r<\/p>\n<p>hvar er augnabliki\u00f0 fr\u00e1 \u00ed g\u00e6r<\/p>\n<p>&nbsp;<\/p>\n<p>\u00de\u00fasund \u00e1r og \u00fe\u00fasund enn<\/p>\n<p>\u00fe\u00f3 elni fjara og r\u00edsi fl\u00f3\u00f0<\/p>\n<p>Fj\u00f3la fagnar himni n\u00fdjum<\/p>\n<p>\u00feili\u00f0 falli\u00f0 sem h\u00e9r st\u00f3\u00f0.<\/p>\n<p>&nbsp;<\/p>\n<p>&nbsp;<\/p>\n<p>&nbsp;<\/p>\n","protected":false},"excerpt":{"rendered":"<p>S\u00f3ley Gu\u00f0mundsd\u00f3ttir er fjallkonan okkar \u00ed dag. H\u00fan kl\u00e6\u00f0ist bl\u00e1um kyrtli \u00far eigu Sagnheima sem \u00d3l\u00f6f Waage sauma\u00f0i og ber koffur og stokkabelti me\u00f0 sprota \u00far eigu \u00c1sd\u00edsar Johnsen, einnig<\/p>\n","protected":false},"author":1,"featured_media":235,"comment_status":"closed","ping_status":"open","sticky":false,"template":"","format":"standard","meta":{"footnotes":""},"categories":[8],"tags":[],"class_list":["post-234","post","type-post","status-publish","format-standard","has-post-thumbnail","hentry","category-frettir-2014"],"_links":{"self":[{"href":"https:\/\/www.sagnheimar.is\/en\/wp-json\/wp\/v2\/posts\/234","targetHints":{"allow":["GET"]}}],"collection":[{"href":"https:\/\/www.sagnheimar.is\/en\/wp-json\/wp\/v2\/posts"}],"about":[{"href":"https:\/\/www.sagnheimar.is\/en\/wp-json\/wp\/v2\/types\/post"}],"author":[{"embeddable":true,"href":"https:\/\/www.sagnheimar.is\/en\/wp-json\/wp\/v2\/users\/1"}],"replies":[{"embeddable":true,"href":"https:\/\/www.sagnheimar.is\/en\/wp-json\/wp\/v2\/comments?post=234"}],"version-history":[{"count":0,"href":"https:\/\/www.sagnheimar.is\/en\/wp-json\/wp\/v2\/posts\/234\/revisions"}],"wp:featuredmedia":[{"embeddable":true,"href":"https:\/\/www.sagnheimar.is\/en\/wp-json\/wp\/v2\/media\/235"}],"wp:attachment":[{"href":"https:\/\/www.sagnheimar.is\/en\/wp-json\/wp\/v2\/media?parent=234"}],"wp:term":[{"taxonomy":"category","embeddable":true,"href":"https:\/\/www.sagnheimar.is\/en\/wp-json\/wp\/v2\/categories?post=234"},{"taxonomy":"post_tag","embeddable":true,"href":"https:\/\/www.sagnheimar.is\/en\/wp-json\/wp\/v2\/tags?post=234"}],"curies":[{"name":"wp","href":"https:\/\/api.w.org\/{rel}","templated":true}]}}