{"id":236,"date":"2014-06-16T00:00:00","date_gmt":"2014-06-16T00:00:00","guid":{"rendered":"http:\/\/www.sagnheimar.is\/17-juni-i-sagnheimum-byggdasafni\/"},"modified":"2014-06-16T00:00:00","modified_gmt":"2014-06-16T00:00:00","slug":"17-juni-i-sagnheimum-byggdasafni","status":"publish","type":"post","link":"https:\/\/www.sagnheimar.is\/en\/17-juni-i-sagnheimum-byggdasafni\/","title":{"rendered":"17. j\u00fan\u00ed \u00ed Sagnheimum, bygg\u00f0asafni"},"content":{"rendered":"<p>Sagnheimar fagna 70 \u00e1ra afm\u00e6li l\u00fd\u00f0veldisins \u00e1 17. j\u00fan\u00ed \u00e1 hef\u00f0bundinn h\u00e1tt. &nbsp;<\/p>\n<p>Fjallkonan <strong>S\u00f3ley Gu\u00f0mundsd\u00f3ttir<\/strong> flytur h\u00e1t\u00ed\u00f0arlj\u00f3\u00f0 \u00e1 Hraunb\u00fa\u00f0um kl. 10:30 og \u00e1 Stakkager\u00f0ist\u00fani &nbsp;\u00e1 eftir h\u00e1t\u00ed\u00f0arr\u00e6\u00f0unni&nbsp;kl. 14.<\/p>\n<p>\u00cd<strong> Einarsstofu<\/strong> er farands\u00fdningin <em>Fiskimj\u00f6ls- og l\u00fdsisi\u00f0na\u00f0ur \u00ed 100 \u00e1r <\/em>og fer n\u00fa hver a\u00f0 vera s\u00ed\u00f0astur a\u00f0 sko\u00f0a \u00feessa merku s\u00fdningu.&nbsp;<\/p>\n<p>Vekjum einnig s\u00e9rstaka athygli \u00e1 a\u00f0 enn er h\u00e6gt a\u00f0 sj\u00e1 \u00edslenska b\u00faninga \u00far eigu safnsins \u00ed<strong> Sagnheimum.<\/strong><\/p>\n<p>Opi\u00f0 ver\u00f0ur \u00ed Sagnheimum&nbsp;kl. 11-17 og fr\u00edtt er inn \u00e1 safni\u00f0 \u00ed tilefni dagsins.<\/p>\n<p>Allir hjartanlega velkomnir.<\/p>\n<p><strong>Gle\u00f0ilega h\u00e1t\u00ed\u00f0!<\/strong><\/p>\n<p><\/p>\n","protected":false},"excerpt":{"rendered":"<p>Sagnheimar fagna 70 \u00e1ra afm\u00e6li l\u00fd\u00f0veldisins \u00e1 17. j\u00fan\u00ed \u00e1 hef\u00f0bundinn h\u00e1tt. &nbsp; Fjallkonan S\u00f3ley Gu\u00f0mundsd\u00f3ttir flytur h\u00e1t\u00ed\u00f0arlj\u00f3\u00f0 \u00e1 Hraunb\u00fa\u00f0um kl. 10:30 og \u00e1 Stakkager\u00f0ist\u00fani &nbsp;\u00e1 eftir h\u00e1t\u00ed\u00f0arr\u00e6\u00f0unni&nbsp;kl. 14. \u00cd<\/p>\n","protected":false},"author":1,"featured_media":237,"comment_status":"closed","ping_status":"open","sticky":false,"template":"","format":"standard","meta":{"footnotes":""},"categories":[8],"tags":[],"class_list":["post-236","post","type-post","status-publish","format-standard","has-post-thumbnail","hentry","category-frettir-2014"],"_links":{"self":[{"href":"https:\/\/www.sagnheimar.is\/en\/wp-json\/wp\/v2\/posts\/236","targetHints":{"allow":["GET"]}}],"collection":[{"href":"https:\/\/www.sagnheimar.is\/en\/wp-json\/wp\/v2\/posts"}],"about":[{"href":"https:\/\/www.sagnheimar.is\/en\/wp-json\/wp\/v2\/types\/post"}],"author":[{"embeddable":true,"href":"https:\/\/www.sagnheimar.is\/en\/wp-json\/wp\/v2\/users\/1"}],"replies":[{"embeddable":true,"href":"https:\/\/www.sagnheimar.is\/en\/wp-json\/wp\/v2\/comments?post=236"}],"version-history":[{"count":0,"href":"https:\/\/www.sagnheimar.is\/en\/wp-json\/wp\/v2\/posts\/236\/revisions"}],"wp:featuredmedia":[{"embeddable":true,"href":"https:\/\/www.sagnheimar.is\/en\/wp-json\/wp\/v2\/media\/237"}],"wp:attachment":[{"href":"https:\/\/www.sagnheimar.is\/en\/wp-json\/wp\/v2\/media?parent=236"}],"wp:term":[{"taxonomy":"category","embeddable":true,"href":"https:\/\/www.sagnheimar.is\/en\/wp-json\/wp\/v2\/categories?post=236"},{"taxonomy":"post_tag","embeddable":true,"href":"https:\/\/www.sagnheimar.is\/en\/wp-json\/wp\/v2\/tags?post=236"}],"curies":[{"name":"wp","href":"https:\/\/api.w.org\/{rel}","templated":true}]}}