{"id":242,"date":"2014-05-30T00:00:00","date_gmt":"2014-05-30T00:00:00","guid":{"rendered":"http:\/\/www.sagnheimar.is\/sjomannadagurinn-i-sagnheimum-og-einarsstofu\/"},"modified":"2014-05-30T00:00:00","modified_gmt":"2014-05-30T00:00:00","slug":"sjomannadagurinn-i-sagnheimum-og-einarsstofu","status":"publish","type":"post","link":"https:\/\/www.sagnheimar.is\/en\/sjomannadagurinn-i-sagnheimum-og-einarsstofu\/","title":{"rendered":"Sj\u00f3mannadagurinn \u00ed Sagnheimum og Einarsstofu"},"content":{"rendered":"<p><strong>\u00c1si \u00ed B\u00e6 og sj\u00f3mennskan \u00ed Sagnheimum, bygg\u00f0asafni, sj\u00f3mannadaginn 1. j\u00fan\u00ed kl. 16 &#8211; e\u00f0a um lei\u00f0 og dagskr\u00e1 \u00e1 Stakk\u00f3 l\u00fdkur!<\/strong><\/p>\n<p>Sigurgeir J\u00f3nsson kennari segir s\u00f6gur af \u00c1sa \u00ed B\u00e6 og Leikh\u00fasbandi\u00f0 flytur nokkur \u00e1st\u00e6l sj\u00f3mannal\u00f6g \u00c1sa.<\/p>\n<p>Minnum einnig \u00e1 farands\u00fdningu S\u00edldarminjasafnsins \u00ed Einarsstofu: <em>Fiskimj\u00f6ls- og l\u00fdsisi\u00f0na\u00f0ur \u00ed 100 \u00e1r.<\/em><\/p>\n<p><em>S\u00fd<\/em>ningin er opin \u00e1 opnunart\u00edmum Safnah\u00fass til 25. j\u00fan\u00ed.<\/p>\n<p>Safnah\u00fasi\u00f0 \u00f3skar sj\u00f3m\u00f6nnum og fj\u00f6lskyldum \u00feeirra til hamingju me\u00f0 daginn.<\/p>\n<p>Allir hjartanlega velkomnir.<\/p>\n<p><\/p>\n","protected":false},"excerpt":{"rendered":"<p>\u00c1si \u00ed B\u00e6 og sj\u00f3mennskan \u00ed Sagnheimum, bygg\u00f0asafni, sj\u00f3mannadaginn 1. j\u00fan\u00ed kl. 16 &#8211; e\u00f0a um lei\u00f0 og dagskr\u00e1 \u00e1 Stakk\u00f3 l\u00fdkur! Sigurgeir J\u00f3nsson kennari segir s\u00f6gur af \u00c1sa \u00ed<\/p>\n","protected":false},"author":1,"featured_media":27,"comment_status":"closed","ping_status":"open","sticky":false,"template":"","format":"standard","meta":{"footnotes":""},"categories":[8],"tags":[],"class_list":["post-242","post","type-post","status-publish","format-standard","has-post-thumbnail","hentry","category-frettir-2014"],"_links":{"self":[{"href":"https:\/\/www.sagnheimar.is\/en\/wp-json\/wp\/v2\/posts\/242","targetHints":{"allow":["GET"]}}],"collection":[{"href":"https:\/\/www.sagnheimar.is\/en\/wp-json\/wp\/v2\/posts"}],"about":[{"href":"https:\/\/www.sagnheimar.is\/en\/wp-json\/wp\/v2\/types\/post"}],"author":[{"embeddable":true,"href":"https:\/\/www.sagnheimar.is\/en\/wp-json\/wp\/v2\/users\/1"}],"replies":[{"embeddable":true,"href":"https:\/\/www.sagnheimar.is\/en\/wp-json\/wp\/v2\/comments?post=242"}],"version-history":[{"count":0,"href":"https:\/\/www.sagnheimar.is\/en\/wp-json\/wp\/v2\/posts\/242\/revisions"}],"wp:featuredmedia":[{"embeddable":true,"href":"https:\/\/www.sagnheimar.is\/en\/wp-json\/wp\/v2\/media\/27"}],"wp:attachment":[{"href":"https:\/\/www.sagnheimar.is\/en\/wp-json\/wp\/v2\/media?parent=242"}],"wp:term":[{"taxonomy":"category","embeddable":true,"href":"https:\/\/www.sagnheimar.is\/en\/wp-json\/wp\/v2\/categories?post=242"},{"taxonomy":"post_tag","embeddable":true,"href":"https:\/\/www.sagnheimar.is\/en\/wp-json\/wp\/v2\/tags?post=242"}],"curies":[{"name":"wp","href":"https:\/\/api.w.org\/{rel}","templated":true}]}}