{"id":243,"date":"2014-05-27T00:00:00","date_gmt":"2014-05-27T00:00:00","guid":{"rendered":"http:\/\/www.sagnheimar.is\/saga-fiskimjolsverksmidja-i-100-ar-nu-i-eyjum\/"},"modified":"2014-05-27T00:00:00","modified_gmt":"2014-05-27T00:00:00","slug":"saga-fiskimjolsverksmidja-i-100-ar-nu-i-eyjum","status":"publish","type":"post","link":"https:\/\/www.sagnheimar.is\/en\/saga-fiskimjolsverksmidja-i-100-ar-nu-i-eyjum\/","title":{"rendered":"Saga fiskimj\u00f6lsverksmi\u00f0ja \u00ed 100 \u00e1r &#8211; n\u00fa \u00ed Eyjum!"},"content":{"rendered":"<p>\u00c1 <strong>uppstigningardag, fimmtudaginn 29. ma\u00ed kl. 13 opnar \u00ed Einarstofu Safnah\u00fass<\/strong> farands\u00fdning S\u00edldarminjasafnsins \u00ed Siglufir\u00f0i. &nbsp;Af \u00fev\u00ed tilefni fjallar Arnar Sigurmundsson forma\u00f0ur Samtaka fiskvinnslust\u00f6\u00f0va \u00ed stuttu m\u00e1li um s\u00f6gu og mikilv\u00e6gi fiskimj\u00f6lsverksmi\u00f0janna \u00ed atvinnul\u00edfi Eyjamanna \u00ed heila \u00f6ld. &nbsp;S\u00fdningin ver\u00f0ur s\u00ed\u00f0an opin \u00e1 opnunart\u00edmum Safnah\u00fass til 25. j\u00fan\u00ed. Allir hjartanlega velkomnir.<\/p>\n<p><\/p>\n","protected":false},"excerpt":{"rendered":"<p>\u00c1 uppstigningardag, fimmtudaginn 29. ma\u00ed kl. 13 opnar \u00ed Einarstofu Safnah\u00fass farands\u00fdning S\u00edldarminjasafnsins \u00ed Siglufir\u00f0i. &nbsp;Af \u00fev\u00ed tilefni fjallar Arnar Sigurmundsson forma\u00f0ur Samtaka fiskvinnslust\u00f6\u00f0va \u00ed stuttu m\u00e1li um s\u00f6gu og<\/p>\n","protected":false},"author":1,"featured_media":244,"comment_status":"closed","ping_status":"open","sticky":false,"template":"","format":"standard","meta":{"footnotes":""},"categories":[8],"tags":[],"class_list":["post-243","post","type-post","status-publish","format-standard","has-post-thumbnail","hentry","category-frettir-2014"],"_links":{"self":[{"href":"https:\/\/www.sagnheimar.is\/en\/wp-json\/wp\/v2\/posts\/243","targetHints":{"allow":["GET"]}}],"collection":[{"href":"https:\/\/www.sagnheimar.is\/en\/wp-json\/wp\/v2\/posts"}],"about":[{"href":"https:\/\/www.sagnheimar.is\/en\/wp-json\/wp\/v2\/types\/post"}],"author":[{"embeddable":true,"href":"https:\/\/www.sagnheimar.is\/en\/wp-json\/wp\/v2\/users\/1"}],"replies":[{"embeddable":true,"href":"https:\/\/www.sagnheimar.is\/en\/wp-json\/wp\/v2\/comments?post=243"}],"version-history":[{"count":0,"href":"https:\/\/www.sagnheimar.is\/en\/wp-json\/wp\/v2\/posts\/243\/revisions"}],"wp:featuredmedia":[{"embeddable":true,"href":"https:\/\/www.sagnheimar.is\/en\/wp-json\/wp\/v2\/media\/244"}],"wp:attachment":[{"href":"https:\/\/www.sagnheimar.is\/en\/wp-json\/wp\/v2\/media?parent=243"}],"wp:term":[{"taxonomy":"category","embeddable":true,"href":"https:\/\/www.sagnheimar.is\/en\/wp-json\/wp\/v2\/categories?post=243"},{"taxonomy":"post_tag","embeddable":true,"href":"https:\/\/www.sagnheimar.is\/en\/wp-json\/wp\/v2\/tags?post=243"}],"curies":[{"name":"wp","href":"https:\/\/api.w.org\/{rel}","templated":true}]}}