{"id":245,"date":"2014-05-12T00:00:00","date_gmt":"2014-05-12T00:00:00","guid":{"rendered":"http:\/\/www.sagnheimar.is\/vorvertid-hefst-i-sagnheimum-byggdasafni\/"},"modified":"2014-05-12T00:00:00","modified_gmt":"2014-05-12T00:00:00","slug":"vorvertid-hefst-i-sagnheimum-byggdasafni","status":"publish","type":"post","link":"https:\/\/www.sagnheimar.is\/en\/vorvertid-hefst-i-sagnheimum-byggdasafni\/","title":{"rendered":"Vorvert\u00ed\u00f0 hefst \u00ed Sagnheimum, bygg\u00f0asafni"},"content":{"rendered":"<p>Fr\u00e1b\u00e6rri \u00fej\u00f3\u00f0b\u00faningahelgi me\u00f0 Hildi og \u00c1smundi \u00ed Annr\u00edki er n\u00fa loki\u00f0. D\u00e1samlegt var a\u00f0 sj\u00e1 \u00fatskriftarnema \u00ed \u00fej\u00f3\u00f0b\u00faningasaum og suma safngesti skarta b\u00faningum s\u00ednum. Gerist ekkert flottara! Dregnir voru fram d\u00fdrgripir \u00far eigu safnsins og s\u00fdndir a\u00f0 \u00feessu tilefni. \u00dear sem Annr\u00edki \u00e1kva\u00f0 a\u00f0 l\u00e1na okkur \u00ferj\u00e1r g\u00ednur getum vi\u00f0 \u00e1fram fyrst um sinn s\u00fdnt \u00ferj\u00e1 b\u00faninga \u00far eigu safnsins \u00e1 g\u00ednunum auk \u00feess sem s\u00fdnt er \u00ed sk\u00e1pum, allt algj\u00f6rir d\u00fdrgripir. Vi\u00f0 inngang s\u00fdningarsv\u00e6\u00f0is tr\u00f3nir s\u00ed\u00f0an G\u00edsli J. Johnsen \u00ed kons\u00falsb\u00faningi s\u00ednum.<\/p>\n<p>Vorvert\u00ed\u00f0 er n\u00fa hafin \u00ed Sagnheimum, bygg\u00f0asafni. Safni\u00f0 er opi\u00f0 daglega kl. 11-17. Mynd Hei\u00f0ars Marteinssonar<em> Gosi\u00f0 og uppbyggingin<\/em> er s\u00fdnd kl. 13 (enska) og kl 14 (\u00fe\u00fdska).<\/p>\n<p><\/p>\n","protected":false},"excerpt":{"rendered":"<p>Fr\u00e1b\u00e6rri \u00fej\u00f3\u00f0b\u00faningahelgi me\u00f0 Hildi og \u00c1smundi \u00ed Annr\u00edki er n\u00fa loki\u00f0. D\u00e1samlegt var a\u00f0 sj\u00e1 \u00fatskriftarnema \u00ed \u00fej\u00f3\u00f0b\u00faningasaum og suma safngesti skarta b\u00faningum s\u00ednum. Gerist ekkert flottara! Dregnir voru fram<\/p>\n","protected":false},"author":1,"featured_media":160,"comment_status":"closed","ping_status":"open","sticky":false,"template":"","format":"standard","meta":{"footnotes":""},"categories":[8],"tags":[],"class_list":["post-245","post","type-post","status-publish","format-standard","has-post-thumbnail","hentry","category-frettir-2014"],"_links":{"self":[{"href":"https:\/\/www.sagnheimar.is\/en\/wp-json\/wp\/v2\/posts\/245","targetHints":{"allow":["GET"]}}],"collection":[{"href":"https:\/\/www.sagnheimar.is\/en\/wp-json\/wp\/v2\/posts"}],"about":[{"href":"https:\/\/www.sagnheimar.is\/en\/wp-json\/wp\/v2\/types\/post"}],"author":[{"embeddable":true,"href":"https:\/\/www.sagnheimar.is\/en\/wp-json\/wp\/v2\/users\/1"}],"replies":[{"embeddable":true,"href":"https:\/\/www.sagnheimar.is\/en\/wp-json\/wp\/v2\/comments?post=245"}],"version-history":[{"count":0,"href":"https:\/\/www.sagnheimar.is\/en\/wp-json\/wp\/v2\/posts\/245\/revisions"}],"wp:featuredmedia":[{"embeddable":true,"href":"https:\/\/www.sagnheimar.is\/en\/wp-json\/wp\/v2\/media\/160"}],"wp:attachment":[{"href":"https:\/\/www.sagnheimar.is\/en\/wp-json\/wp\/v2\/media?parent=245"}],"wp:term":[{"taxonomy":"category","embeddable":true,"href":"https:\/\/www.sagnheimar.is\/en\/wp-json\/wp\/v2\/categories?post=245"},{"taxonomy":"post_tag","embeddable":true,"href":"https:\/\/www.sagnheimar.is\/en\/wp-json\/wp\/v2\/tags?post=245"}],"curies":[{"name":"wp","href":"https:\/\/api.w.org\/{rel}","templated":true}]}}