{"id":252,"date":"2014-04-15T00:00:00","date_gmt":"2014-04-15T00:00:00","guid":{"rendered":"http:\/\/www.sagnheimar.is\/sagnheimar-um-paska-2014\/"},"modified":"2014-04-15T00:00:00","modified_gmt":"2014-04-15T00:00:00","slug":"sagnheimar-um-paska-2014","status":"publish","type":"post","link":"https:\/\/www.sagnheimar.is\/en\/sagnheimar-um-paska-2014\/","title":{"rendered":"Sagnheimar um p\u00e1ska 2014"},"content":{"rendered":"<p>Opi\u00f0 ver\u00f0ur \u00ed <strong>Sagnheimum, bygg\u00f0asafni <\/strong>\u00e1 sk\u00edrdag og laugardag fyrr p\u00e1ska kl. 13-16.<\/p>\n<p>B\u00e1\u00f0a dagana ver\u00f0ur s\u00fdnd mynd Hei\u00f0ars Marteinssonar <strong>Gosi\u00f0 og uppbyggingin \u00ed Eyjum kl. 13 (enska) og 14 (\u00fe\u00fdska)<\/strong>. Myndin ver\u00f0ur einnig s\u00fdnd aukalega me\u00f0 \u00edslensku tali ef \u00feess ver\u00f0ur \u00f3ska\u00f0.<\/p>\n<p><strong>Einarsstofa<\/strong> ver\u00f0ur einnig opin \u00e1 sama t\u00edma, \u00fe.e. sk\u00edrdag og laugardag fyrir p\u00e1ska kl. 13-16. \u00dear er n\u00fa einst\u00f6k s<strong>\u00fdning Kristleifs Magn\u00fassonar<\/strong> og fer hver a\u00f0 ver\u00f0a s\u00ed\u00f0astur a\u00f0 sj\u00e1 hana.<\/p>\n<p>&nbsp;<\/p>\n<p><\/p>\n","protected":false},"excerpt":{"rendered":"<p>Opi\u00f0 ver\u00f0ur \u00ed Sagnheimum, bygg\u00f0asafni \u00e1 sk\u00edrdag og laugardag fyrr p\u00e1ska kl. 13-16. B\u00e1\u00f0a dagana ver\u00f0ur s\u00fdnd mynd Hei\u00f0ars Marteinssonar Gosi\u00f0 og uppbyggingin \u00ed Eyjum kl. 13 (enska) og 14<\/p>\n","protected":false},"author":1,"featured_media":96,"comment_status":"closed","ping_status":"open","sticky":false,"template":"","format":"standard","meta":{"footnotes":""},"categories":[8],"tags":[],"class_list":["post-252","post","type-post","status-publish","format-standard","has-post-thumbnail","hentry","category-frettir-2014"],"_links":{"self":[{"href":"https:\/\/www.sagnheimar.is\/en\/wp-json\/wp\/v2\/posts\/252","targetHints":{"allow":["GET"]}}],"collection":[{"href":"https:\/\/www.sagnheimar.is\/en\/wp-json\/wp\/v2\/posts"}],"about":[{"href":"https:\/\/www.sagnheimar.is\/en\/wp-json\/wp\/v2\/types\/post"}],"author":[{"embeddable":true,"href":"https:\/\/www.sagnheimar.is\/en\/wp-json\/wp\/v2\/users\/1"}],"replies":[{"embeddable":true,"href":"https:\/\/www.sagnheimar.is\/en\/wp-json\/wp\/v2\/comments?post=252"}],"version-history":[{"count":0,"href":"https:\/\/www.sagnheimar.is\/en\/wp-json\/wp\/v2\/posts\/252\/revisions"}],"wp:featuredmedia":[{"embeddable":true,"href":"https:\/\/www.sagnheimar.is\/en\/wp-json\/wp\/v2\/media\/96"}],"wp:attachment":[{"href":"https:\/\/www.sagnheimar.is\/en\/wp-json\/wp\/v2\/media?parent=252"}],"wp:term":[{"taxonomy":"category","embeddable":true,"href":"https:\/\/www.sagnheimar.is\/en\/wp-json\/wp\/v2\/categories?post=252"},{"taxonomy":"post_tag","embeddable":true,"href":"https:\/\/www.sagnheimar.is\/en\/wp-json\/wp\/v2\/tags?post=252"}],"curies":[{"name":"wp","href":"https:\/\/api.w.org\/{rel}","templated":true}]}}