{"id":253,"date":"2014-04-04T00:00:00","date_gmt":"2014-04-04T00:00:00","guid":{"rendered":"http:\/\/www.sagnheimar.is\/sagnheimar-53-ar-fra-komu-lodsins-til-eyja\/"},"modified":"2014-04-04T00:00:00","modified_gmt":"2014-04-04T00:00:00","slug":"sagnheimar-53-ar-fra-komu-lodsins-til-eyja","status":"publish","type":"post","link":"https:\/\/www.sagnheimar.is\/en\/sagnheimar-53-ar-fra-komu-lodsins-til-eyja\/","title":{"rendered":"Sagnheimar &#8211; 53 \u00e1r fr\u00e1 komu L\u00f3\u00f0sins til Eyja"},"content":{"rendered":"<p>\u00cd dag eru li\u00f0in 53 \u00e1r fr\u00e1 komu L\u00f3\u00f0sins til Eyja sem \u00e1tti s\u00ed\u00f0an eftir a\u00f0 \u00fej\u00f3na okkur dyggilega \u00ed um 40 \u00e1r. \u00cd tilefni \u00feessara t\u00edmam\u00f3ta f\u00e6r\u00f0i \u00c1g\u00fast Bergsson fyrrum skipstj\u00f3ri Sagnheimum, bygg\u00f0asafni skipsklukku L\u00f3\u00f0sins til var\u00f0veislu. Einnig fylgdi me\u00f0 hamar sem nota\u00f0ur var vi\u00f0 spl\u00e6singar. Safni\u00f0 f\u00e6rir \u00c1g\u00fasti bestu \u00feakkir fyrir hugulsemina og ver\u00f0ur mununum komi\u00f0 fyrir \u00e1 bryggjusv\u00e6\u00f0i safnsins.<\/p>\n<p><strong>Sj\u00e1 meira um L\u00f3\u00f0sinn me\u00f0 \u00fev\u00ed a\u00f0 smella \u00e1 fyrirs\u00f6gn fr\u00e9ttar.<\/strong><\/p>\n<p><\/p>\n<p>\u00cd <em>Sj\u00f3mannadagsbla\u00f0i Vestmannaeyja 1983 <\/em>m\u00e1 lesa skemmtilegt vi\u00f0tal Sigurgeirs \u00d3lafssonar vi\u00f0 Einar Svein J\u00f3hannesson sem \u00fe\u00e1 haf\u00f0i veri\u00f0 skipstj\u00f3ri \u00e1 L\u00f3\u00f0sinum fr\u00e1 upphafi e\u00f0a \u00ed 22 \u00e1r. \u00cd vi\u00f0talinu kemur fram hversu mikilv\u00e6gur L\u00f3\u00f0sinn var fyrir Eyjamenn, \u00fe\u00f3 a\u00f0 margir hafi \u00ed fyrstu tali\u00f0 \u00ed of miki\u00f0 r\u00e1\u00f0ist. Einar Sveinn talar um eina s\u00e1l og s\u00e9rstaka strengi sem myndast oft milli manns og b\u00e1ts \u00e1 l\u00f6ngum ferli en litlar mannbreytingar voru \u00e1 L\u00f3\u00f0sinum. L\u00f3\u00f0sinn skipa\u00f0i ekki s\u00edst mikilv\u00e6gu hlutverki \u00ed Heimaeyjargosinu en hann var h\u00e9r allt gost\u00edmabili\u00f0 og bann vi\u00f0 a\u00f0 b\u00e1turinn f\u00e6ri \u00far h\u00f6fninni nema me\u00f0 s\u00e9rst\u00f6ku leyfi. B\u00e1turinn ar alltaf tilb\u00fainn vi\u00f0 bryggjuna, hva\u00f0a t\u00edma s\u00f3larhringsins sem var en sex manna vakt var um bor\u00f0 \u00ed einu allan gost\u00edmann.<\/p>\n<p>L\u00f3\u00f0sinn \u00fej\u00f3na\u00f0i Eyjam\u00f6nnum til \u00e1rsins 1998 en \u00fe\u00e1 fengum vi\u00f0 n\u00fdtt hafns\u00f6gu- og bj\u00f6rgunarskip, sm\u00ed\u00f0a\u00f0 \u00ed Skipalyftunni \u00ed Vestmannaeyjum og f\u00e9kk \u00fea\u00f0 einnig nafni\u00f0 L\u00f3\u00f0sinn. Gamli L\u00f3\u00f0sinn var seldur en endalok hans ur\u00f0u \u00feau a\u00f0 leki kom a\u00f0 honum \u00fat af Hafnarbergi \u00ed desember 2003 og s\u00f6kk hann sk\u00f6mmu s\u00ed\u00f0ar. Mannbj\u00f6rg var\u00f0.<\/p>\n","protected":false},"excerpt":{"rendered":"<p>\u00cd dag eru li\u00f0in 53 \u00e1r fr\u00e1 komu L\u00f3\u00f0sins til Eyja sem \u00e1tti s\u00ed\u00f0an eftir a\u00f0 \u00fej\u00f3na okkur dyggilega \u00ed um 40 \u00e1r. \u00cd tilefni \u00feessara t\u00edmam\u00f3ta f\u00e6r\u00f0i \u00c1g\u00fast Bergsson<\/p>\n","protected":false},"author":1,"featured_media":254,"comment_status":"closed","ping_status":"open","sticky":false,"template":"","format":"standard","meta":{"footnotes":""},"categories":[8],"tags":[],"class_list":["post-253","post","type-post","status-publish","format-standard","has-post-thumbnail","hentry","category-frettir-2014"],"_links":{"self":[{"href":"https:\/\/www.sagnheimar.is\/en\/wp-json\/wp\/v2\/posts\/253","targetHints":{"allow":["GET"]}}],"collection":[{"href":"https:\/\/www.sagnheimar.is\/en\/wp-json\/wp\/v2\/posts"}],"about":[{"href":"https:\/\/www.sagnheimar.is\/en\/wp-json\/wp\/v2\/types\/post"}],"author":[{"embeddable":true,"href":"https:\/\/www.sagnheimar.is\/en\/wp-json\/wp\/v2\/users\/1"}],"replies":[{"embeddable":true,"href":"https:\/\/www.sagnheimar.is\/en\/wp-json\/wp\/v2\/comments?post=253"}],"version-history":[{"count":0,"href":"https:\/\/www.sagnheimar.is\/en\/wp-json\/wp\/v2\/posts\/253\/revisions"}],"wp:featuredmedia":[{"embeddable":true,"href":"https:\/\/www.sagnheimar.is\/en\/wp-json\/wp\/v2\/media\/254"}],"wp:attachment":[{"href":"https:\/\/www.sagnheimar.is\/en\/wp-json\/wp\/v2\/media?parent=253"}],"wp:term":[{"taxonomy":"category","embeddable":true,"href":"https:\/\/www.sagnheimar.is\/en\/wp-json\/wp\/v2\/categories?post=253"},{"taxonomy":"post_tag","embeddable":true,"href":"https:\/\/www.sagnheimar.is\/en\/wp-json\/wp\/v2\/tags?post=253"}],"curies":[{"name":"wp","href":"https:\/\/api.w.org\/{rel}","templated":true}]}}