{"id":260,"date":"2014-03-11T00:00:00","date_gmt":"2014-03-11T00:00:00","guid":{"rendered":"http:\/\/www.sagnheimar.is\/sagnheimar-og-annriki-thjodbuningar-og-skart\/"},"modified":"2014-03-11T00:00:00","modified_gmt":"2014-03-11T00:00:00","slug":"sagnheimar-og-annriki-thjodbuningar-og-skart","status":"publish","type":"post","link":"https:\/\/www.sagnheimar.is\/en\/sagnheimar-og-annriki-thjodbuningar-og-skart\/","title":{"rendered":"Sagnheimar og Annr\u00edki, \u00fej\u00f3\u00f0b\u00faningar og skart"},"content":{"rendered":"<p>Gu\u00f0r\u00fan Hildur Rosenkj\u00e6r hj\u00e1 <strong>Annr\u00edki<\/strong> hefur veri\u00f0 me\u00f0 n\u00e1mskei\u00f0 h\u00e9r \u00ed Eyjum undanfarnar vikur \u00ed \u00ed \u00fej\u00f3\u00f0b\u00faningasaum.&nbsp; H\u00fan leit vi\u00f0 \u00ed geymslum Sagnheima um helgina og s\u00e1 \u00fear margan d\u00fdrgripinn. Stefnt er a\u00f0 \u00fev\u00ed a\u00f0 draga \u00feennan fj\u00e1rsj\u00f3\u00f0 fram \u00ed dagslj\u00f3si\u00f0 \u00ed samvinnu vi\u00f0 Gu\u00f0r\u00fanu Hildi \u00ed ma\u00edm\u00e1nu\u00f0i og \u00fe\u00e1 jafnvel \u00ed samfloti vi\u00f0 \u00fatskrift nemenda hennar h\u00e9r. &nbsp; N\u00e1nar augl\u00fdst s\u00ed\u00f0ar.<\/p>\n<p><\/p>\n","protected":false},"excerpt":{"rendered":"<p>Gu\u00f0r\u00fan Hildur Rosenkj\u00e6r hj\u00e1 Annr\u00edki hefur veri\u00f0 me\u00f0 n\u00e1mskei\u00f0 h\u00e9r \u00ed Eyjum undanfarnar vikur \u00ed \u00ed \u00fej\u00f3\u00f0b\u00faningasaum.&nbsp; H\u00fan leit vi\u00f0 \u00ed geymslum Sagnheima um helgina og s\u00e1 \u00fear margan d\u00fdrgripinn.<\/p>\n","protected":false},"author":1,"featured_media":261,"comment_status":"closed","ping_status":"open","sticky":false,"template":"","format":"standard","meta":{"footnotes":""},"categories":[8],"tags":[],"class_list":["post-260","post","type-post","status-publish","format-standard","has-post-thumbnail","hentry","category-frettir-2014"],"_links":{"self":[{"href":"https:\/\/www.sagnheimar.is\/en\/wp-json\/wp\/v2\/posts\/260","targetHints":{"allow":["GET"]}}],"collection":[{"href":"https:\/\/www.sagnheimar.is\/en\/wp-json\/wp\/v2\/posts"}],"about":[{"href":"https:\/\/www.sagnheimar.is\/en\/wp-json\/wp\/v2\/types\/post"}],"author":[{"embeddable":true,"href":"https:\/\/www.sagnheimar.is\/en\/wp-json\/wp\/v2\/users\/1"}],"replies":[{"embeddable":true,"href":"https:\/\/www.sagnheimar.is\/en\/wp-json\/wp\/v2\/comments?post=260"}],"version-history":[{"count":0,"href":"https:\/\/www.sagnheimar.is\/en\/wp-json\/wp\/v2\/posts\/260\/revisions"}],"wp:featuredmedia":[{"embeddable":true,"href":"https:\/\/www.sagnheimar.is\/en\/wp-json\/wp\/v2\/media\/261"}],"wp:attachment":[{"href":"https:\/\/www.sagnheimar.is\/en\/wp-json\/wp\/v2\/media?parent=260"}],"wp:term":[{"taxonomy":"category","embeddable":true,"href":"https:\/\/www.sagnheimar.is\/en\/wp-json\/wp\/v2\/categories?post=260"},{"taxonomy":"post_tag","embeddable":true,"href":"https:\/\/www.sagnheimar.is\/en\/wp-json\/wp\/v2\/tags?post=260"}],"curies":[{"name":"wp","href":"https:\/\/api.w.org\/{rel}","templated":true}]}}