{"id":262,"date":"2014-03-06T00:00:00","date_gmt":"2014-03-06T00:00:00","guid":{"rendered":"http:\/\/www.sagnheimar.is\/leyndardomar-sudurlands-safnahus-vestmannaeyja\/"},"modified":"2014-03-06T00:00:00","modified_gmt":"2014-03-06T00:00:00","slug":"leyndardomar-sudurlands-safnahus-vestmannaeyja","status":"publish","type":"post","link":"https:\/\/www.sagnheimar.is\/en\/leyndardomar-sudurlands-safnahus-vestmannaeyja\/","title":{"rendered":"Leyndard\u00f3mar Su\u00f0urlands &#8211; Safnah\u00fas Vestmannaeyja"},"content":{"rendered":"<p><strong>Dagana 28. mars &#8211; 6. apr\u00edl <\/strong>standa \u00fdmis s\u00f6fn, fyrirt\u00e6ki og stofnanir \u00e1 Su\u00f0urlandi fyrir kynningar\u00e1taki \u00e1 margv\u00edslegum forvitnilegum gersemum sem leynast \u00e1 Su\u00f0urlandi.<\/p>\n<p>Safnah\u00fasi\u00f0 tekur virkan \u00fe\u00e1tt \u00ed \u00e1takinu og dregur \u00fdmislegt forvitnilegt fram \u00ed dagslj\u00f3si\u00f0.&nbsp;<\/p>\n<p><strong>F\u00f6studaginn 28. mars kl. 17<\/strong> opnar s\u00fdningin <em>V\u00f6ruh\u00fas minninganna<\/em> \u00ed <strong>V\u00f6ruh\u00fasinu, Sk\u00f3lavegi 1.<\/strong> Vi\u00f0 opnun ver\u00f0ur&nbsp;kynnt n\u00fdtt samstarfsverkefni V\u00f6ruh\u00fass og Safnah\u00fass.<\/p>\n<p><strong>Laugardaginn 29. mars kl. 13 <\/strong>\u00ed <strong>Einarsstofu: <\/strong>S\u00fdndur kvikmyndab\u00fatur fr\u00e1 seinustu \u00f6ld, sem n\u00fdveri\u00f0 fannst og ekki hefur veri\u00f0 s\u00fdndur \u00e1\u00f0ur.&nbsp; Sama dag <strong>kl. 14<\/strong> opnar s\u00fdningin <em>Sta\u00f0lausir stafir<\/em> \u00ed <strong>Sagnheimum<\/strong>. Um er a\u00f0 r\u00e6\u00f0a s\u00fdningu \u00e1 samst\u00e6\u00f0um d\u00fdrgripum \u00far geymslu Sagnheima sem hver segir s\u00edna s\u00f6gu. Einnig ver\u00f0a s\u00fdndir d\u00fdrgripir \u00far eigu J\u00fal\u00ed\u00f6nu Sveinsd\u00f3ttur sem safninu b\u00e1rust fyrir sk\u00f6mmu fr\u00e1 Danm\u00f6rku. Ni\u00f0urst\u00f6\u00f0ur ranns\u00f3kna \u00e1 skipsklukkunni sem skipverjar \u00e1 \u00de\u00f3runni Sveinsd\u00f3ttur VE f\u00e6r\u00f0u safninu \u00ed desember ver\u00f0a kynntar.<\/p>\n<p><strong>Fimmtudaginn 3. apr\u00edl kl. 12: <\/strong><strong>Saga og s\u00fapa \u00ed Sagnheimum<\/strong>. \u00c1smundur Fri\u00f0riksson al\u00feingisma\u00f0ur fjallar um hina \u00fdmsa leyndard\u00f3ma Su\u00f0urlands. Sama dag <strong>kl. 13-16<\/strong> er s\u00ed\u00f0an lj\u00f3smyndadagur \u00ed <strong>Ing\u00f3lfsstofu<\/strong>, \u00fear sem lj\u00f3smyndir \u00feekktra sem \u00f3\u00feekktra lj\u00f3smyndara \u00e1 s\u00ed\u00f0ustu \u00f6ld ver\u00f0ur varpa\u00f0 \u00e1 vegg.<\/p>\n<p>Vi\u00f0bur\u00f0ir ver\u00f0a augl\u00fdstir betur \u00feegar n\u00e6r dregur.<\/p>\n<p>&nbsp;<\/p>\n<p>&nbsp;<\/p>\n<p><\/p>\n","protected":false},"excerpt":{"rendered":"<p>Dagana 28. mars &#8211; 6. apr\u00edl standa \u00fdmis s\u00f6fn, fyrirt\u00e6ki og stofnanir \u00e1 Su\u00f0urlandi fyrir kynningar\u00e1taki \u00e1 margv\u00edslegum forvitnilegum gersemum sem leynast \u00e1 Su\u00f0urlandi. Safnah\u00fasi\u00f0 tekur virkan \u00fe\u00e1tt \u00ed \u00e1takinu<\/p>\n","protected":false},"author":1,"featured_media":256,"comment_status":"closed","ping_status":"open","sticky":false,"template":"","format":"standard","meta":{"footnotes":""},"categories":[8],"tags":[],"class_list":["post-262","post","type-post","status-publish","format-standard","has-post-thumbnail","hentry","category-frettir-2014"],"_links":{"self":[{"href":"https:\/\/www.sagnheimar.is\/en\/wp-json\/wp\/v2\/posts\/262","targetHints":{"allow":["GET"]}}],"collection":[{"href":"https:\/\/www.sagnheimar.is\/en\/wp-json\/wp\/v2\/posts"}],"about":[{"href":"https:\/\/www.sagnheimar.is\/en\/wp-json\/wp\/v2\/types\/post"}],"author":[{"embeddable":true,"href":"https:\/\/www.sagnheimar.is\/en\/wp-json\/wp\/v2\/users\/1"}],"replies":[{"embeddable":true,"href":"https:\/\/www.sagnheimar.is\/en\/wp-json\/wp\/v2\/comments?post=262"}],"version-history":[{"count":0,"href":"https:\/\/www.sagnheimar.is\/en\/wp-json\/wp\/v2\/posts\/262\/revisions"}],"wp:featuredmedia":[{"embeddable":true,"href":"https:\/\/www.sagnheimar.is\/en\/wp-json\/wp\/v2\/media\/256"}],"wp:attachment":[{"href":"https:\/\/www.sagnheimar.is\/en\/wp-json\/wp\/v2\/media?parent=262"}],"wp:term":[{"taxonomy":"category","embeddable":true,"href":"https:\/\/www.sagnheimar.is\/en\/wp-json\/wp\/v2\/categories?post=262"},{"taxonomy":"post_tag","embeddable":true,"href":"https:\/\/www.sagnheimar.is\/en\/wp-json\/wp\/v2\/tags?post=262"}],"curies":[{"name":"wp","href":"https:\/\/api.w.org\/{rel}","templated":true}]}}