{"id":314,"date":"2013-08-24T00:00:00","date_gmt":"2013-08-24T00:00:00","guid":{"rendered":"http:\/\/www.sagnheimar.is\/sagnheimar-hannes-lods-kvedur-ny-syning-i-vinnslu\/"},"modified":"2013-08-24T00:00:00","modified_gmt":"2013-08-24T00:00:00","slug":"sagnheimar-hannes-lods-kvedur-ny-syning-i-vinnslu","status":"publish","type":"post","link":"https:\/\/www.sagnheimar.is\/en\/sagnheimar-hannes-lods-kvedur-ny-syning-i-vinnslu\/","title":{"rendered":"Sagnheimar &#8211; Hannes l\u00f3\u00f0s kve\u00f0ur &#8211; n\u00fd s\u00fdning \u00ed vinnslu"},"content":{"rendered":"<div>N\u00fa um helgina eru s\u00ed\u00f0ustu dagar s\u00fdningar sem tileinku\u00f0 er Hannesi l\u00f3\u00f0s og sett var upp \u00ed n\u00f3vember sl. N\u00fd s\u00fdning er \u00ed undirb\u00faningi \u00ed Sagnheimum og mun h\u00fan nokku\u00f0 litast af \u00fev\u00ed a\u00f0 9. september nk. eru li\u00f0in 100 \u00e1r fr\u00e1 stofnun \u00ed\u00fer\u00f3ttaf\u00e9lagsins \u00de\u00f3rs. N\u00e1nar ver\u00f0ur sagt fr\u00e1 \u00feeirri s\u00fdningu s\u00ed\u00f0ar.<\/div>\n<p><\/p>\n","protected":false},"excerpt":{"rendered":"<p>N\u00fa um helgina eru s\u00ed\u00f0ustu dagar s\u00fdningar sem tileinku\u00f0 er Hannesi l\u00f3\u00f0s og sett var upp \u00ed n\u00f3vember sl. N\u00fd s\u00fdning er \u00ed undirb\u00faningi \u00ed Sagnheimum og mun h\u00fan nokku\u00f0<\/p>\n","protected":false},"author":1,"featured_media":0,"comment_status":"closed","ping_status":"open","sticky":false,"template":"","format":"standard","meta":{"footnotes":""},"categories":[9],"tags":[],"class_list":["post-314","post","type-post","status-publish","format-standard","hentry","category-frettir-2013"],"_links":{"self":[{"href":"https:\/\/www.sagnheimar.is\/en\/wp-json\/wp\/v2\/posts\/314","targetHints":{"allow":["GET"]}}],"collection":[{"href":"https:\/\/www.sagnheimar.is\/en\/wp-json\/wp\/v2\/posts"}],"about":[{"href":"https:\/\/www.sagnheimar.is\/en\/wp-json\/wp\/v2\/types\/post"}],"author":[{"embeddable":true,"href":"https:\/\/www.sagnheimar.is\/en\/wp-json\/wp\/v2\/users\/1"}],"replies":[{"embeddable":true,"href":"https:\/\/www.sagnheimar.is\/en\/wp-json\/wp\/v2\/comments?post=314"}],"version-history":[{"count":0,"href":"https:\/\/www.sagnheimar.is\/en\/wp-json\/wp\/v2\/posts\/314\/revisions"}],"wp:attachment":[{"href":"https:\/\/www.sagnheimar.is\/en\/wp-json\/wp\/v2\/media?parent=314"}],"wp:term":[{"taxonomy":"category","embeddable":true,"href":"https:\/\/www.sagnheimar.is\/en\/wp-json\/wp\/v2\/categories?post=314"},{"taxonomy":"post_tag","embeddable":true,"href":"https:\/\/www.sagnheimar.is\/en\/wp-json\/wp\/v2\/tags?post=314"}],"curies":[{"name":"wp","href":"https:\/\/api.w.org\/{rel}","templated":true}]}}