{"id":32,"date":"2017-05-09T00:00:00","date_gmt":"2017-05-09T00:00:00","guid":{"rendered":"http:\/\/www.sagnheimar.is\/sagnheimar-vidburdir-netagerdum-frestad-fram-a-haust\/"},"modified":"2017-05-09T00:00:00","modified_gmt":"2017-05-09T00:00:00","slug":"sagnheimar-vidburdir-netagerdum-frestad-fram-a-haust","status":"publish","type":"post","link":"https:\/\/www.sagnheimar.is\/en\/sagnheimar-vidburdir-netagerdum-frestad-fram-a-haust\/","title":{"rendered":"Sagnheimar &#8211; vi\u00f0bur\u00f0ir &#8211; netager\u00f0um fresta\u00f0 fram \u00e1 haust"},"content":{"rendered":"<p>Fyrirhugu\u00f0u m\u00e1l\u00feingi og myndas\u00fdningu um netager\u00f0ir \u00ed Eyjum hefur veri\u00f0 fresta\u00f0 fram \u00ed okt\u00f3ber. Alls konar tafir hafa hrj\u00e1\u00f0 \u00fe\u00e1 sem unnu a\u00f0 samantektinni en eitt er lj\u00f3st a\u00f0 \u00e1hugi er mikill og efni n\u00e6r \u00f3\u00ferj\u00f3tandi og mikilv\u00e6gt a\u00f0 vanda til verka. St\u00edgum \u00fev\u00ed margefld fram \u00ed haust.<\/p>\n<p>N\u00fa er kominn inn \u00e1 heimas\u00ed\u00f0una okkar vi\u00f0bur\u00f0alisti Safnah\u00fass fyrir \u00e1ri\u00f0 2016. Alls eru \u00feetta 46 vi\u00f0bur\u00f0ir og eru \u00fe\u00e1 ekki taldir me\u00f0 vikulegar upp\u00e1komur svo sem lj\u00f3smyndadagurinn. Sj\u00e1 n\u00e1nar h\u00e9r:&nbsp;<a href=\"http:\/\/sagnheimar.is\/skrar\/file\/skjol\/vidburdir-i-safnahusi-2016-kba.pdf\">http:\/\/sagnheimar.is\/skrar\/file\/skjol\/vidburdir-i-safnahusi-2016-kba.pdf<\/a>. &nbsp;N\u00e6sti vi\u00f0bur\u00f0ur ver\u00f0ur s\u00ed\u00f0an \u00e1 \u00edslenska safnadaginn 18. ma\u00ed og ver\u00f0ur n\u00e1nar augl\u00fdst \u00feegar n\u00e6r dregur.<\/p>\n<p>Me\u00f0fylgjandi mynd s\u00fdnir Ing\u00f3lf The\u00f3d\u00f3rsson netager\u00f0ameistara og J\u00f3n Valgar\u00f0 (G\u00e6sa) skipstj\u00f3ra. Ing\u00f3lfur ger\u00f0i byltingarkennda breytingu \u00e1&nbsp;herpin\u00f3tum (1969) sem J\u00f3n Valgar\u00f0 pr\u00f3fa\u00f0i s\u00ed\u00f0an \u00e1 \u00cdsleifi IV. N\u00e1nar m\u00e1 lesa um \u00feetta h\u00e9r:&nbsp;<a href=\"http:\/\/timarit.is\/view_page_init.jsp?issId=114043&amp;pageId=1401094&amp;lang=is&amp;q=%ED%20Bylting%20%ED%20herpin%F3tavei%F0um\">http:\/\/timarit.is\/view_page_init.jsp?issId=114043&amp;pageId=1401094&amp;lang=is&amp;q=%ED%20Bylting%20%ED%20herpin%F3tavei%F0um<\/a><\/p>\n<p><\/p>\n","protected":false},"excerpt":{"rendered":"<p>Fyrirhugu\u00f0u m\u00e1l\u00feingi og myndas\u00fdningu um netager\u00f0ir \u00ed Eyjum hefur veri\u00f0 fresta\u00f0 fram \u00ed okt\u00f3ber. Alls konar tafir hafa hrj\u00e1\u00f0 \u00fe\u00e1 sem unnu a\u00f0 samantektinni en eitt er lj\u00f3st a\u00f0 \u00e1hugi<\/p>\n","protected":false},"author":1,"featured_media":13,"comment_status":"closed","ping_status":"open","sticky":false,"template":"","format":"standard","meta":{"footnotes":""},"categories":[5],"tags":[],"class_list":["post-32","post","type-post","status-publish","format-standard","has-post-thumbnail","hentry","category-frettir-2017"],"_links":{"self":[{"href":"https:\/\/www.sagnheimar.is\/en\/wp-json\/wp\/v2\/posts\/32","targetHints":{"allow":["GET"]}}],"collection":[{"href":"https:\/\/www.sagnheimar.is\/en\/wp-json\/wp\/v2\/posts"}],"about":[{"href":"https:\/\/www.sagnheimar.is\/en\/wp-json\/wp\/v2\/types\/post"}],"author":[{"embeddable":true,"href":"https:\/\/www.sagnheimar.is\/en\/wp-json\/wp\/v2\/users\/1"}],"replies":[{"embeddable":true,"href":"https:\/\/www.sagnheimar.is\/en\/wp-json\/wp\/v2\/comments?post=32"}],"version-history":[{"count":0,"href":"https:\/\/www.sagnheimar.is\/en\/wp-json\/wp\/v2\/posts\/32\/revisions"}],"wp:featuredmedia":[{"embeddable":true,"href":"https:\/\/www.sagnheimar.is\/en\/wp-json\/wp\/v2\/media\/13"}],"wp:attachment":[{"href":"https:\/\/www.sagnheimar.is\/en\/wp-json\/wp\/v2\/media?parent=32"}],"wp:term":[{"taxonomy":"category","embeddable":true,"href":"https:\/\/www.sagnheimar.is\/en\/wp-json\/wp\/v2\/categories?post=32"},{"taxonomy":"post_tag","embeddable":true,"href":"https:\/\/www.sagnheimar.is\/en\/wp-json\/wp\/v2\/tags?post=32"}],"curies":[{"name":"wp","href":"https:\/\/api.w.org\/{rel}","templated":true}]}}