{"id":324,"date":"2013-06-27T00:00:00","date_gmt":"2013-06-27T00:00:00","guid":{"rendered":"http:\/\/www.sagnheimar.is\/saga-mormona-i-golfskalanum-29-juni-kl-11-13\/"},"modified":"2013-06-27T00:00:00","modified_gmt":"2013-06-27T00:00:00","slug":"saga-mormona-i-golfskalanum-29-juni-kl-11-13","status":"publish","type":"post","link":"https:\/\/www.sagnheimar.is\/en\/saga-mormona-i-golfskalanum-29-juni-kl-11-13\/","title":{"rendered":"Saga morm\u00f3na \u00ed Golfsk\u00e1lanum 29. j\u00fan\u00ed kl. 11-13"},"content":{"rendered":"<div>19. j\u00fan\u00ed 1853 stofnu\u00f0u morm\u00f3nar kirkju s\u00edna \u00ed Herj\u00f3lfsdal \u00ed Vestmannaeyjum.<\/div>\n<div>N\u00fa \u00feegar li\u00f0in eru 160 \u00e1r fr\u00e1 \u00feessum merka atbur\u00f0i er bo\u00f0i\u00f0 upp \u00e1 dagskr\u00e1 \u00cd Golfsk\u00e1lanum laugardaginn 29. j\u00fan\u00ed kl. 11-13 um \u00f6rl\u00f6g og \u00e6vi nokkurra Vestmannaeyinga sem fluttust til Utah \u00e1 s\u00ed\u00f0ari hluta 19. aldar. Unnt ver\u00f0ur a\u00f0 f\u00e1 s\u00fapu og kaffi gegn v\u00e6gu ver\u00f0i.<\/div>\n<div>Dagskr\u00e1in er \u00f6llum opin en um 100 manns hafa \u00feegar bo\u00f0a\u00f0 komu s\u00edna, b\u00e6\u00f0i fr\u00e1 fastalandinu og Utah.<\/div>\n<p><\/p>\n<div>Me\u00f0al gesta er <strong>Mark Geslison<\/strong> sonarsonur Sigmundar G\u00edslasonar \u00far J\u00f3nsh\u00fasi og Sveins\u00ednu \u00c1rnad\u00f3ttur fr\u00e1 L\u00f6ndum er b\u00e6\u00f0i yfirg\u00e1fu Vestmannaeyjar b\u00f6rn a\u00f0 aldri \u00e1samt foreldrum s\u00ednum. Mark hefur skapa\u00f0 s\u00e9r nafn sem heims\u00feekktur fi\u00f0luleikari en kemur a\u00f0 \u00feessu sinni me\u00f0 fj\u00f6lskyldu sinni sem \u00f6ll er \u00e1 kafi \u00ed \u00fej\u00f3\u00f0lagat\u00f3nlist. Munu \u00feau flytja \u00e1 \u00edslensku lj\u00f3\u00f0, m.a. eftir einstaklinga sem h\u00e9\u00f0an fluttust \u00e1 s\u00ednum t\u00edma.<\/div>\n<div><strong>Elli\u00f0i Vignisson <\/strong>b\u00e6jarstj\u00f3ri flytur \u00e1varp.<\/div>\n<div><strong>Richard Manning<\/strong> fjallar um afa sinn Ingimund J\u00f3nsson og Einar Eir\u00edksson fr\u00e1 Vestmannaeyjum.<\/div>\n<div><strong>Fred Woods<\/strong> fjallar um Loft J\u00f3nsson fr\u00e1 \u00deorlaugarger\u00f0i.<\/div>\n<div><strong>Sigur\u00f3li Sigur\u00f0sson<\/strong> fer yfir ranns\u00f3knir s\u00ednar \u00e1 upphafi morm\u00f3nskunnar \u00ed Vestmannaeyjum.<\/div>\n<div><strong>Gu\u00f0r\u00fan Bjarkad\u00f3ttir<\/strong> segir fr\u00e1 ,,f\u00f3lkinu s\u00ednu&#8221; en h\u00fan er afkomandi \u00c1rna \u00c1rnasonar fr\u00e1 Vilborgarst\u00f6\u00f0um og J\u00f3h\u00f6nnu L\u00e1rusd\u00f3ttur fr\u00e1 B\u00faast\u00f6\u00f0um.<\/div>\n<div>Erindin ver\u00f0a flutt \u00e1 \u00edslensku og ensku.<\/div>\n<div>&nbsp;<\/div>\n","protected":false},"excerpt":{"rendered":"<p>19. j\u00fan\u00ed 1853 stofnu\u00f0u morm\u00f3nar kirkju s\u00edna \u00ed Herj\u00f3lfsdal \u00ed Vestmannaeyjum. N\u00fa \u00feegar li\u00f0in eru 160 \u00e1r fr\u00e1 \u00feessum merka atbur\u00f0i er bo\u00f0i\u00f0 upp \u00e1 dagskr\u00e1 \u00cd Golfsk\u00e1lanum laugardaginn 29.<\/p>\n","protected":false},"author":1,"featured_media":325,"comment_status":"closed","ping_status":"open","sticky":false,"template":"","format":"standard","meta":{"footnotes":""},"categories":[9],"tags":[],"class_list":["post-324","post","type-post","status-publish","format-standard","has-post-thumbnail","hentry","category-frettir-2013"],"_links":{"self":[{"href":"https:\/\/www.sagnheimar.is\/en\/wp-json\/wp\/v2\/posts\/324","targetHints":{"allow":["GET"]}}],"collection":[{"href":"https:\/\/www.sagnheimar.is\/en\/wp-json\/wp\/v2\/posts"}],"about":[{"href":"https:\/\/www.sagnheimar.is\/en\/wp-json\/wp\/v2\/types\/post"}],"author":[{"embeddable":true,"href":"https:\/\/www.sagnheimar.is\/en\/wp-json\/wp\/v2\/users\/1"}],"replies":[{"embeddable":true,"href":"https:\/\/www.sagnheimar.is\/en\/wp-json\/wp\/v2\/comments?post=324"}],"version-history":[{"count":0,"href":"https:\/\/www.sagnheimar.is\/en\/wp-json\/wp\/v2\/posts\/324\/revisions"}],"wp:featuredmedia":[{"embeddable":true,"href":"https:\/\/www.sagnheimar.is\/en\/wp-json\/wp\/v2\/media\/325"}],"wp:attachment":[{"href":"https:\/\/www.sagnheimar.is\/en\/wp-json\/wp\/v2\/media?parent=324"}],"wp:term":[{"taxonomy":"category","embeddable":true,"href":"https:\/\/www.sagnheimar.is\/en\/wp-json\/wp\/v2\/categories?post=324"},{"taxonomy":"post_tag","embeddable":true,"href":"https:\/\/www.sagnheimar.is\/en\/wp-json\/wp\/v2\/tags?post=324"}],"curies":[{"name":"wp","href":"https:\/\/api.w.org\/{rel}","templated":true}]}}