{"id":354,"date":"2013-03-27T00:00:00","date_gmt":"2013-03-27T00:00:00","guid":{"rendered":"http:\/\/www.sagnheimar.is\/paskasyning-i-einarsstofu-safnahusi-vestmannaeyja\/"},"modified":"2013-03-27T00:00:00","modified_gmt":"2013-03-27T00:00:00","slug":"paskasyning-i-einarsstofu-safnahusi-vestmannaeyja","status":"publish","type":"post","link":"https:\/\/www.sagnheimar.is\/en\/paskasyning-i-einarsstofu-safnahusi-vestmannaeyja\/","title":{"rendered":"P\u00e1skas\u00fdning \u00ed Einarsstofu, Safnah\u00fasi Vestmannaeyja"},"content":{"rendered":"<div>\u00c1ri\u00f0 1967 g\u00e1fu fyrrverandi b\u00e6jarf\u00f3getahj\u00f3n, Sigf\u00fas M. Johnsen og Jar\u00fer\u00fa\u00f0ur Johnsen Vestmannaeyjab\u00e6 34 Kjarvalsm\u00e1lverk. \u00deessi merka og einstaka gj\u00f6f&nbsp; er hryggjarstykki\u00f0 \u00ed listasafni Vestmannaeyjab\u00e6jar og ver\u00f0ur s\u00fdnd \u00ed Einarsstofu um b\u00e6nadagana.&nbsp; Ekki er h\u00e6gt a\u00f0 s\u00fdna \u00f6ll m\u00e1lverkin \u00ed einu og ver\u00f0ur \u00fev\u00ed skipt um myndir daglega.&nbsp;<\/div>\n<div>Opi\u00f0 ver\u00f0ur \u00e1 sk\u00edrdag, laugardag og \u00e1 annan \u00ed p\u00e1skum fr\u00e1 kl. 11 &#8211; 17.<\/div>\n<div>\u00c1 opnunart\u00edma ver\u00f0ur einnig s\u00fdnd heimildarmynd P\u00e1ls Steingr\u00edmssonar um J\u00f3hannes Sveinsson Kjarval \u00ed Einarsstofu.<\/div>\n<div>Allir hjartanlega velkomnir!<\/div>\n<p><\/p>\n","protected":false},"excerpt":{"rendered":"<p>\u00c1ri\u00f0 1967 g\u00e1fu fyrrverandi b\u00e6jarf\u00f3getahj\u00f3n, Sigf\u00fas M. Johnsen og Jar\u00fer\u00fa\u00f0ur Johnsen Vestmannaeyjab\u00e6 34 Kjarvalsm\u00e1lverk. \u00deessi merka og einstaka gj\u00f6f&nbsp; er hryggjarstykki\u00f0 \u00ed listasafni Vestmannaeyjab\u00e6jar og ver\u00f0ur s\u00fdnd \u00ed Einarsstofu um<\/p>\n","protected":false},"author":1,"featured_media":96,"comment_status":"closed","ping_status":"open","sticky":false,"template":"","format":"standard","meta":{"footnotes":""},"categories":[9],"tags":[],"class_list":["post-354","post","type-post","status-publish","format-standard","has-post-thumbnail","hentry","category-frettir-2013"],"_links":{"self":[{"href":"https:\/\/www.sagnheimar.is\/en\/wp-json\/wp\/v2\/posts\/354","targetHints":{"allow":["GET"]}}],"collection":[{"href":"https:\/\/www.sagnheimar.is\/en\/wp-json\/wp\/v2\/posts"}],"about":[{"href":"https:\/\/www.sagnheimar.is\/en\/wp-json\/wp\/v2\/types\/post"}],"author":[{"embeddable":true,"href":"https:\/\/www.sagnheimar.is\/en\/wp-json\/wp\/v2\/users\/1"}],"replies":[{"embeddable":true,"href":"https:\/\/www.sagnheimar.is\/en\/wp-json\/wp\/v2\/comments?post=354"}],"version-history":[{"count":0,"href":"https:\/\/www.sagnheimar.is\/en\/wp-json\/wp\/v2\/posts\/354\/revisions"}],"wp:featuredmedia":[{"embeddable":true,"href":"https:\/\/www.sagnheimar.is\/en\/wp-json\/wp\/v2\/media\/96"}],"wp:attachment":[{"href":"https:\/\/www.sagnheimar.is\/en\/wp-json\/wp\/v2\/media?parent=354"}],"wp:term":[{"taxonomy":"category","embeddable":true,"href":"https:\/\/www.sagnheimar.is\/en\/wp-json\/wp\/v2\/categories?post=354"},{"taxonomy":"post_tag","embeddable":true,"href":"https:\/\/www.sagnheimar.is\/en\/wp-json\/wp\/v2\/tags?post=354"}],"curies":[{"name":"wp","href":"https:\/\/api.w.org\/{rel}","templated":true}]}}