{"id":357,"date":"2013-03-15T00:00:00","date_gmt":"2013-03-15T00:00:00","guid":{"rendered":"http:\/\/www.sagnheimar.is\/safnahus-einarsstofa-hjalmar-nu-kjarval-um-paska\/"},"modified":"2013-03-15T00:00:00","modified_gmt":"2013-03-15T00:00:00","slug":"safnahus-einarsstofa-hjalmar-nu-kjarval-um-paska","status":"publish","type":"post","link":"https:\/\/www.sagnheimar.is\/en\/safnahus-einarsstofa-hjalmar-nu-kjarval-um-paska\/","title":{"rendered":"Safnah\u00fas &#8211; Einarsstofa &#8211; Hj\u00e1lmar n\u00fa &#8211; Kjarval um p\u00e1ska"},"content":{"rendered":"<div>\u00cd Einarsstofu eru gosmyndir Hj\u00e1lmars B\u00f6\u00f0varssonar \u00ed millisafnal\u00e1ni fr\u00e1 \u00dej\u00f3\u00f0minjasafni. \u00dear eru einnig myndir Kristins Benediktssonar b\u00e6\u00f0i \u00e1 vegg og einnig \u00e1 \u00feri\u00f0jahundra\u00f0 gosmyndir \u00e1 sj\u00f3nvarpsskj\u00e1. S\u00fdningarnar eru opnar \u00e1 opnunart\u00edma Safnah\u00fass.<\/div>\n<div>Um p\u00e1skana ver\u00f0a s\u00fdndar Kjarvalsmyndir \u00ed eigu Listasafns Vestmannaeyja. Opnunart\u00edmi ver\u00f0ur augl\u00fdstur \u00feegar n\u00e6r dregur.<\/div>\n<p><\/p>\n","protected":false},"excerpt":{"rendered":"<p>\u00cd Einarsstofu eru gosmyndir Hj\u00e1lmars B\u00f6\u00f0varssonar \u00ed millisafnal\u00e1ni fr\u00e1 \u00dej\u00f3\u00f0minjasafni. \u00dear eru einnig myndir Kristins Benediktssonar b\u00e6\u00f0i \u00e1 vegg og einnig \u00e1 \u00feri\u00f0jahundra\u00f0 gosmyndir \u00e1 sj\u00f3nvarpsskj\u00e1. S\u00fdningarnar eru opnar \u00e1<\/p>\n","protected":false},"author":1,"featured_media":0,"comment_status":"closed","ping_status":"open","sticky":false,"template":"","format":"standard","meta":{"footnotes":""},"categories":[9],"tags":[],"class_list":["post-357","post","type-post","status-publish","format-standard","hentry","category-frettir-2013"],"_links":{"self":[{"href":"https:\/\/www.sagnheimar.is\/en\/wp-json\/wp\/v2\/posts\/357","targetHints":{"allow":["GET"]}}],"collection":[{"href":"https:\/\/www.sagnheimar.is\/en\/wp-json\/wp\/v2\/posts"}],"about":[{"href":"https:\/\/www.sagnheimar.is\/en\/wp-json\/wp\/v2\/types\/post"}],"author":[{"embeddable":true,"href":"https:\/\/www.sagnheimar.is\/en\/wp-json\/wp\/v2\/users\/1"}],"replies":[{"embeddable":true,"href":"https:\/\/www.sagnheimar.is\/en\/wp-json\/wp\/v2\/comments?post=357"}],"version-history":[{"count":0,"href":"https:\/\/www.sagnheimar.is\/en\/wp-json\/wp\/v2\/posts\/357\/revisions"}],"wp:attachment":[{"href":"https:\/\/www.sagnheimar.is\/en\/wp-json\/wp\/v2\/media?parent=357"}],"wp:term":[{"taxonomy":"category","embeddable":true,"href":"https:\/\/www.sagnheimar.is\/en\/wp-json\/wp\/v2\/categories?post=357"},{"taxonomy":"post_tag","embeddable":true,"href":"https:\/\/www.sagnheimar.is\/en\/wp-json\/wp\/v2\/tags?post=357"}],"curies":[{"name":"wp","href":"https:\/\/api.w.org\/{rel}","templated":true}]}}