{"id":376,"date":"2012-10-24T00:00:00","date_gmt":"2012-10-24T00:00:00","guid":{"rendered":"http:\/\/www.sagnheimar.is\/isfelagsdagur-i-sagnheimum-byggdasafni-27-oktober-2012\/"},"modified":"2012-10-24T00:00:00","modified_gmt":"2012-10-24T00:00:00","slug":"isfelagsdagur-i-sagnheimum-byggdasafni-27-oktober-2012","status":"publish","type":"post","link":"https:\/\/www.sagnheimar.is\/en\/isfelagsdagur-i-sagnheimum-byggdasafni-27-oktober-2012\/","title":{"rendered":"\u00cdsf\u00e9lagsdagur \u00ed Sagnheimum, bygg\u00f0asafni 27. okt\u00f3ber 2012"},"content":{"rendered":"<div>\u00cdsf\u00e9lag Vestmannaeyja \u00ed samstarfi vi\u00f0 Sagnheima bj\u00f3\u00f0a upp \u00e1 s\u00e9rstakan \u00cdsf\u00e9lagsdag \u00ed bygg\u00f0asafninu nk. laugardag kl. 13-16. Starfsm\u00f6nnum \u00cdsf\u00e9lagsins \u00e1samt m\u00f6kum, b\u00f6rnum og barnab\u00f6rnum er bo\u00f0i\u00f0 a\u00f0 koma og sko\u00f0a safni\u00f0 og l\u00e9ttur ratleikur er fyrir fj\u00f6lskylduf\u00f3lk og \u00fe\u00e1 sem vilja. Heitt ver\u00f0ur \u00e1 k\u00f6nnunni \u00ed tjaldinu og safi fyrir b\u00f6rnin.<\/div>\n<div>Safni\u00f0 er einnig opi\u00f0 almenningi \u00e1 \u00feessum t\u00edma en h\u00f3pum er bent \u00e1 a\u00f0 hafa samband vi\u00f0 safnstj\u00f3ra, s. 698 2412, svo a\u00f0 h\u00e6gt ver\u00f0i a\u00f0 finna t\u00edma sem&nbsp; hentar sem flestum.<\/div>\n<p><\/p>\n","protected":false},"excerpt":{"rendered":"<p>\u00cdsf\u00e9lag Vestmannaeyja \u00ed samstarfi vi\u00f0 Sagnheima bj\u00f3\u00f0a upp \u00e1 s\u00e9rstakan \u00cdsf\u00e9lagsdag \u00ed bygg\u00f0asafninu nk. laugardag kl. 13-16. Starfsm\u00f6nnum \u00cdsf\u00e9lagsins \u00e1samt m\u00f6kum, b\u00f6rnum og barnab\u00f6rnum er bo\u00f0i\u00f0 a\u00f0 koma og sko\u00f0a<\/p>\n","protected":false},"author":1,"featured_media":0,"comment_status":"closed","ping_status":"open","sticky":false,"template":"","format":"standard","meta":{"footnotes":""},"categories":[10],"tags":[],"class_list":["post-376","post","type-post","status-publish","format-standard","hentry","category-frettir-2012"],"_links":{"self":[{"href":"https:\/\/www.sagnheimar.is\/en\/wp-json\/wp\/v2\/posts\/376","targetHints":{"allow":["GET"]}}],"collection":[{"href":"https:\/\/www.sagnheimar.is\/en\/wp-json\/wp\/v2\/posts"}],"about":[{"href":"https:\/\/www.sagnheimar.is\/en\/wp-json\/wp\/v2\/types\/post"}],"author":[{"embeddable":true,"href":"https:\/\/www.sagnheimar.is\/en\/wp-json\/wp\/v2\/users\/1"}],"replies":[{"embeddable":true,"href":"https:\/\/www.sagnheimar.is\/en\/wp-json\/wp\/v2\/comments?post=376"}],"version-history":[{"count":0,"href":"https:\/\/www.sagnheimar.is\/en\/wp-json\/wp\/v2\/posts\/376\/revisions"}],"wp:attachment":[{"href":"https:\/\/www.sagnheimar.is\/en\/wp-json\/wp\/v2\/media?parent=376"}],"wp:term":[{"taxonomy":"category","embeddable":true,"href":"https:\/\/www.sagnheimar.is\/en\/wp-json\/wp\/v2\/categories?post=376"},{"taxonomy":"post_tag","embeddable":true,"href":"https:\/\/www.sagnheimar.is\/en\/wp-json\/wp\/v2\/tags?post=376"}],"curies":[{"name":"wp","href":"https:\/\/api.w.org\/{rel}","templated":true}]}}