{"id":377,"date":"2012-10-11T00:00:00","date_gmt":"2012-10-11T00:00:00","guid":{"rendered":"http:\/\/www.sagnheimar.is\/arni-arnason-simritari-kynning-i-einarsstofu-safnahuss-13-oktober-kl-16\/"},"modified":"2012-10-11T00:00:00","modified_gmt":"2012-10-11T00:00:00","slug":"arni-arnason-simritari-kynning-i-einarsstofu-safnahuss-13-oktober-kl-16","status":"publish","type":"post","link":"https:\/\/www.sagnheimar.is\/en\/arni-arnason-simritari-kynning-i-einarsstofu-safnahuss-13-oktober-kl-16\/","title":{"rendered":"\u00c1rni \u00c1rnason s\u00edmritari, kynning \u00ed Einarsstofu Safnah\u00fass 13. okt\u00f3ber kl. 16"},"content":{"rendered":"<div>\u00cd tilefni \u00feess a\u00f0 laugardaginn 13. okt\u00f3ber eru r\u00e9tt 50 \u00e1r fr\u00e1 \u00fev\u00ed \u00c1rni s\u00edmritari anda\u00f0ist er bo\u00f0i\u00f0 upp \u00e1 dagskr\u00e1 honum til hei\u00f0urs \u00ed Einarsstofu Safnah\u00fass Vestmannaeyja kl. 16 &#8211; 17:30.<\/div>\n<div>Allir hjartanlega velkomnir!<\/div>\n<p><\/p>\n<div><u>Dagskr\u00e1:<\/u><\/div>\n<div>Hermann Einarsson minnist gamals vinar og les stutt brot \u00far v\u00e6ntanlegri b\u00f3k me\u00f0 \u00farvali verka \u00c1rna.<\/div>\n<div>Sigurgeir J\u00f3nsson r\u00e6\u00f0ir um sk\u00e1ldskap \u00c1rna.<\/div>\n<div>\u00datg\u00e1funefndin kynnir b\u00f3k \u00c1rna og gefinn er kostur \u00e1 \u00fev\u00ed a\u00f0 b\u00e6tast \u00ed heilla\u00f3skalista b\u00f3karinnar.<\/div>\n<div>Bl\u00edtt og l\u00e9tt flytur \u00fatsetningar vi\u00f0 lj\u00f3\u00f0 \u00c1rna.<\/div>\n<div>Hei\u00f0ursgestur er Katr\u00edn Gunnarsd\u00f3ttir, barnabarn \u00c1rna.<\/div>\n<div>Allir hjartanlega velkomnir!<\/div>\n<div>&nbsp;<\/div>\n","protected":false},"excerpt":{"rendered":"<p>\u00cd tilefni \u00feess a\u00f0 laugardaginn 13. okt\u00f3ber eru r\u00e9tt 50 \u00e1r fr\u00e1 \u00fev\u00ed \u00c1rni s\u00edmritari anda\u00f0ist er bo\u00f0i\u00f0 upp \u00e1 dagskr\u00e1 honum til hei\u00f0urs \u00ed Einarsstofu Safnah\u00fass Vestmannaeyja kl. 16<\/p>\n","protected":false},"author":1,"featured_media":378,"comment_status":"closed","ping_status":"open","sticky":false,"template":"","format":"standard","meta":{"footnotes":""},"categories":[10],"tags":[],"class_list":["post-377","post","type-post","status-publish","format-standard","has-post-thumbnail","hentry","category-frettir-2012"],"_links":{"self":[{"href":"https:\/\/www.sagnheimar.is\/en\/wp-json\/wp\/v2\/posts\/377","targetHints":{"allow":["GET"]}}],"collection":[{"href":"https:\/\/www.sagnheimar.is\/en\/wp-json\/wp\/v2\/posts"}],"about":[{"href":"https:\/\/www.sagnheimar.is\/en\/wp-json\/wp\/v2\/types\/post"}],"author":[{"embeddable":true,"href":"https:\/\/www.sagnheimar.is\/en\/wp-json\/wp\/v2\/users\/1"}],"replies":[{"embeddable":true,"href":"https:\/\/www.sagnheimar.is\/en\/wp-json\/wp\/v2\/comments?post=377"}],"version-history":[{"count":0,"href":"https:\/\/www.sagnheimar.is\/en\/wp-json\/wp\/v2\/posts\/377\/revisions"}],"wp:featuredmedia":[{"embeddable":true,"href":"https:\/\/www.sagnheimar.is\/en\/wp-json\/wp\/v2\/media\/378"}],"wp:attachment":[{"href":"https:\/\/www.sagnheimar.is\/en\/wp-json\/wp\/v2\/media?parent=377"}],"wp:term":[{"taxonomy":"category","embeddable":true,"href":"https:\/\/www.sagnheimar.is\/en\/wp-json\/wp\/v2\/categories?post=377"},{"taxonomy":"post_tag","embeddable":true,"href":"https:\/\/www.sagnheimar.is\/en\/wp-json\/wp\/v2\/tags?post=377"}],"curies":[{"name":"wp","href":"https:\/\/api.w.org\/{rel}","templated":true}]}}