{"id":384,"date":"2012-09-04T00:00:00","date_gmt":"2012-09-04T00:00:00","guid":{"rendered":"http:\/\/www.sagnheimar.is\/oskar-bjorgvinsson-ljosmyndari-lif-og-starf-i-einarsstofu-safnahuss-vestmannaeyja-8-september-kl-14\/"},"modified":"2012-09-04T00:00:00","modified_gmt":"2012-09-04T00:00:00","slug":"oskar-bjorgvinsson-ljosmyndari-lif-og-starf-i-einarsstofu-safnahuss-vestmannaeyja-8-september-kl-14","status":"publish","type":"post","link":"https:\/\/www.sagnheimar.is\/en\/oskar-bjorgvinsson-ljosmyndari-lif-og-starf-i-einarsstofu-safnahuss-vestmannaeyja-8-september-kl-14\/","title":{"rendered":"\u00d3skar Bj\u00f6rgvinsson lj\u00f3smyndari, l\u00edf og starf, \u00ed Einarsstofu Safnah\u00fass Vestmannaeyja 8. september kl. 14"},"content":{"rendered":"<div>\n<div>Starfsf\u00f3lk Safnah\u00fass Vestmannaeyja er n\u00fa \u00f6nnum kafi\u00f0 vi\u00f0 a\u00f0 undirb\u00faa n\u00e6sta atbur\u00f0, sem er a\u00f0 minnast \u00d3skars Bj\u00f6rgvinssonar lj\u00f3smyndara sem hef\u00f0i or\u00f0i\u00f0 70 \u00e1ra 5. september. \u00ed tilefni \u00feess mun fj\u00f6lskylda \u00d3skars afhenda<!--[if gte mso 9]><xml> <o_OfficeDocumentSettings> \u00a0<o_AllowPNG \/> <\/o_OfficeDocumentSettings><\/xml><![endif]--><\/div>\n<div>gr\u00ed\u00f0arlega st\u00f3rt lj\u00f3smyndasafn hans 8. september, l\u00edklega um 150.000 myndir, sem spannar hartn\u00e6r 40 \u00e1r \u00far l\u00edfi Eyjamanna. Til samanbur\u00f0ar m\u00e1 nefna a\u00f0 hi\u00f0 merka safn Kjartans&nbsp; Gu\u00f0mundssonar, sem er hi\u00f0 st\u00e6rsta sem fyrir er \u00ed safninu, telur um 20.000 myndir.&nbsp; Allir hjartanlega velkomnir!<\/div>\n<\/div>\n<div>&nbsp;<\/div>\n<p><\/p>\n<div>Dagskr\u00e1:<\/div>\n<div>Krist\u00edn Halla Baldvinsd\u00f3ttir fr\u00e1 \u00dej\u00f3\u00f0minjasafni \u00cdslands fjallar um gildi lj\u00f3smyndasafna.<\/div>\n<div>Vinir og fj\u00f6lskylda minnast \u00d3skars me\u00f0 stuttum \u00e1v\u00f6rpum.<\/div>\n<div>Fulltr\u00faar fj\u00f6lskyldunnar afhenda safni\u00f0 formlega.<\/div>\n<div>\u00d3v\u00e6ntur dagskr\u00e1rli\u00f0ur og kaffiveitingar.<\/div>\n<div>&nbsp;<\/div>\n<div>S\u00fdnishornum \u00far myndasafninu ver\u00f0ur varpa\u00f0 \u00e1 tjald \u00e1 me\u00f0an \u00e1 kaffiveitingum stendur og \u00e1 veggjum Einarsstofu ver\u00f0a st\u00e6kka\u00f0ar myndir \u00far landslagsmyndasafni \u00d3skars auk annarra muna \u00far f\u00f3rum fj\u00f6lskyldunnar.<\/div>\n","protected":false},"excerpt":{"rendered":"<p>Starfsf\u00f3lk Safnah\u00fass Vestmannaeyja er n\u00fa \u00f6nnum kafi\u00f0 vi\u00f0 a\u00f0 undirb\u00faa n\u00e6sta atbur\u00f0, sem er a\u00f0 minnast \u00d3skars Bj\u00f6rgvinssonar lj\u00f3smyndara sem hef\u00f0i or\u00f0i\u00f0 70 \u00e1ra 5. september. \u00ed tilefni \u00feess mun<\/p>\n","protected":false},"author":1,"featured_media":385,"comment_status":"closed","ping_status":"open","sticky":false,"template":"","format":"standard","meta":{"footnotes":""},"categories":[10],"tags":[],"class_list":["post-384","post","type-post","status-publish","format-standard","has-post-thumbnail","hentry","category-frettir-2012"],"_links":{"self":[{"href":"https:\/\/www.sagnheimar.is\/en\/wp-json\/wp\/v2\/posts\/384","targetHints":{"allow":["GET"]}}],"collection":[{"href":"https:\/\/www.sagnheimar.is\/en\/wp-json\/wp\/v2\/posts"}],"about":[{"href":"https:\/\/www.sagnheimar.is\/en\/wp-json\/wp\/v2\/types\/post"}],"author":[{"embeddable":true,"href":"https:\/\/www.sagnheimar.is\/en\/wp-json\/wp\/v2\/users\/1"}],"replies":[{"embeddable":true,"href":"https:\/\/www.sagnheimar.is\/en\/wp-json\/wp\/v2\/comments?post=384"}],"version-history":[{"count":0,"href":"https:\/\/www.sagnheimar.is\/en\/wp-json\/wp\/v2\/posts\/384\/revisions"}],"wp:featuredmedia":[{"embeddable":true,"href":"https:\/\/www.sagnheimar.is\/en\/wp-json\/wp\/v2\/media\/385"}],"wp:attachment":[{"href":"https:\/\/www.sagnheimar.is\/en\/wp-json\/wp\/v2\/media?parent=384"}],"wp:term":[{"taxonomy":"category","embeddable":true,"href":"https:\/\/www.sagnheimar.is\/en\/wp-json\/wp\/v2\/categories?post=384"},{"taxonomy":"post_tag","embeddable":true,"href":"https:\/\/www.sagnheimar.is\/en\/wp-json\/wp\/v2\/tags?post=384"}],"curies":[{"name":"wp","href":"https:\/\/api.w.org\/{rel}","templated":true}]}}