{"id":386,"date":"2012-08-28T00:00:00","date_gmt":"2012-08-28T00:00:00","guid":{"rendered":"http:\/\/www.sagnheimar.is\/thordur-i-skogum-gefur-safnahusi-vestmannaeyja-merkilegt-handrit-af-reisubok-sr-olafs-egilssonar\/"},"modified":"2012-08-28T00:00:00","modified_gmt":"2012-08-28T00:00:00","slug":"thordur-i-skogum-gefur-safnahusi-vestmannaeyja-merkilegt-handrit-af-reisubok-sr-olafs-egilssonar","status":"publish","type":"post","link":"https:\/\/www.sagnheimar.is\/en\/thordur-i-skogum-gefur-safnahusi-vestmannaeyja-merkilegt-handrit-af-reisubok-sr-olafs-egilssonar\/","title":{"rendered":"\u00de\u00f3r\u00f0ur \u00ed Sk\u00f3gum gefur Safnah\u00fasi Vestmannaeyja merkilegt handrit af Reisub\u00f3k sr. \u00d3lafs Egilssonar"},"content":{"rendered":"<div>\u00de\u00f3r\u00f0ur T\u00f3masson l\u00e9t ekki endasleppt \u00ed sinni vin\u00e1ttu vi\u00f0 Safnah\u00fas Vestmannaeyja. Sunnudaginn 26. \u00e1g\u00fast sl. afhenti hann til gjafar handrit \u00far eigin f\u00f3rum af <em>Reisub\u00f3k sr. \u00d3lafs Egilssonar<\/em>. Um er a\u00f0 r\u00e6\u00f0a uppskrift \u00e1 handritinu Lbs 371 8vo er rita\u00f0 var upp a\u00f0 Ofanleiti af sr. J\u00f3ni Austmann 1829. Handriti\u00f0 sem \u00de\u00f3r\u00f0ur afhenti er af st\u00e6rstum hluta fr\u00e1 \u00e1rinu 1850, og rita\u00f0 af Andr\u00e9si \u00c1rnasyni \u00e1 Hellnum \u00ed M\u00fdrdal, en auki\u00f0 vi\u00f0 af Einari Brandssyni \u00e1 Reyni 1878 \u00ed lokin, f\u00e1ein bl\u00f6\u00f0. Frumrit sr. \u00d3lafs er l\u00f6ngu horfi\u00f0 \u00far \u00feessum heimi og allar \u00fatg\u00e1fur eru ger\u00f0ar eftir yngri uppskriftum. Handriti\u00f0 er vel var\u00f0veitt og er eftirtektar- og \u00feakkarvert a\u00f0 \u00fea\u00f0 er fyrsta og eina uppskrift fr\u00e1 fyrri t\u00ed\u00f0 sem til er \u00ed Skjalasafni Vestmannaeyja.<\/div>\n<p><\/p>\n","protected":false},"excerpt":{"rendered":"<p>\u00de\u00f3r\u00f0ur T\u00f3masson l\u00e9t ekki endasleppt \u00ed sinni vin\u00e1ttu vi\u00f0 Safnah\u00fas Vestmannaeyja. Sunnudaginn 26. \u00e1g\u00fast sl. afhenti hann til gjafar handrit \u00far eigin f\u00f3rum af Reisub\u00f3k sr. \u00d3lafs Egilssonar. Um er<\/p>\n","protected":false},"author":1,"featured_media":387,"comment_status":"closed","ping_status":"open","sticky":false,"template":"","format":"standard","meta":{"footnotes":""},"categories":[10],"tags":[],"class_list":["post-386","post","type-post","status-publish","format-standard","has-post-thumbnail","hentry","category-frettir-2012"],"_links":{"self":[{"href":"https:\/\/www.sagnheimar.is\/en\/wp-json\/wp\/v2\/posts\/386","targetHints":{"allow":["GET"]}}],"collection":[{"href":"https:\/\/www.sagnheimar.is\/en\/wp-json\/wp\/v2\/posts"}],"about":[{"href":"https:\/\/www.sagnheimar.is\/en\/wp-json\/wp\/v2\/types\/post"}],"author":[{"embeddable":true,"href":"https:\/\/www.sagnheimar.is\/en\/wp-json\/wp\/v2\/users\/1"}],"replies":[{"embeddable":true,"href":"https:\/\/www.sagnheimar.is\/en\/wp-json\/wp\/v2\/comments?post=386"}],"version-history":[{"count":0,"href":"https:\/\/www.sagnheimar.is\/en\/wp-json\/wp\/v2\/posts\/386\/revisions"}],"wp:featuredmedia":[{"embeddable":true,"href":"https:\/\/www.sagnheimar.is\/en\/wp-json\/wp\/v2\/media\/387"}],"wp:attachment":[{"href":"https:\/\/www.sagnheimar.is\/en\/wp-json\/wp\/v2\/media?parent=386"}],"wp:term":[{"taxonomy":"category","embeddable":true,"href":"https:\/\/www.sagnheimar.is\/en\/wp-json\/wp\/v2\/categories?post=386"},{"taxonomy":"post_tag","embeddable":true,"href":"https:\/\/www.sagnheimar.is\/en\/wp-json\/wp\/v2\/tags?post=386"}],"curies":[{"name":"wp","href":"https:\/\/api.w.org\/{rel}","templated":true}]}}