{"id":388,"date":"2012-08-27T00:00:00","date_gmt":"2012-08-27T00:00:00","guid":{"rendered":"http:\/\/www.sagnheimar.is\/snillingar-a-ferd-bok-thordar-i-skogum-til-solu-i-safnahusi\/"},"modified":"2012-08-27T00:00:00","modified_gmt":"2012-08-27T00:00:00","slug":"snillingar-a-ferd-bok-thordar-i-skogum-til-solu-i-safnahusi","status":"publish","type":"post","link":"https:\/\/www.sagnheimar.is\/en\/snillingar-a-ferd-bok-thordar-i-skogum-til-solu-i-safnahusi\/","title":{"rendered":"Snillingar \u00e1 fer\u00f0 &#8211; b\u00f3k \u00de\u00f3r\u00f0ar \u00ed Sk\u00f3gum til s\u00f6lu \u00ed Safnah\u00fasi"},"content":{"rendered":"<div>M\u00e1l\u00feingi\u00f0 \u00ed g\u00e6r var einstaklega vel heppna\u00f0 enda miklir h\u00f6f\u00f0ingjar og snillingar \u00fear \u00e1 fer\u00f0, Atli \u00c1smundsson a\u00f0alr\u00e6\u00f0isma\u00f0ur \u00ed Kanada, B\u00f6\u00f0var Gu\u00f0mundsson rith\u00f6fundur, \u00de\u00f3r\u00f0ur T\u00f3masson \u00ed Sk\u00f3gum fr\u00e6\u00f0ima\u00f0ur og \u00d6ssur Skarph\u00e9\u00f0insson utanr\u00edkisr\u00e1\u00f0herra. \u00de\u00f3r\u00f0ur \u00ed Sk\u00f3gum sem kynnti n\u00fd\u00fatgefna b\u00f3k s\u00edna, Li\u00f0na Landeyinga og er h\u00fan seld \u00e1 B\u00f3kasafninu og \u00ed Sagnheimum, bygg\u00f0asafni og kostar a\u00f0eins 1.900 kr.<\/div>\n<div>\u00c1 myndinni m\u00e1 sj\u00e1 Helgu, Atla, \u00d6ssur, B\u00f6\u00f0var, \u00de\u00f3r\u00f0, K\u00e1ra og Gunnlaug Grettisson.<\/div>\n<p><\/p>\n","protected":false},"excerpt":{"rendered":"<p>M\u00e1l\u00feingi\u00f0 \u00ed g\u00e6r var einstaklega vel heppna\u00f0 enda miklir h\u00f6f\u00f0ingjar og snillingar \u00fear \u00e1 fer\u00f0, Atli \u00c1smundsson a\u00f0alr\u00e6\u00f0isma\u00f0ur \u00ed Kanada, B\u00f6\u00f0var Gu\u00f0mundsson rith\u00f6fundur, \u00de\u00f3r\u00f0ur T\u00f3masson \u00ed Sk\u00f3gum fr\u00e6\u00f0ima\u00f0ur og \u00d6ssur<\/p>\n","protected":false},"author":1,"featured_media":389,"comment_status":"closed","ping_status":"open","sticky":false,"template":"","format":"standard","meta":{"footnotes":""},"categories":[10],"tags":[],"class_list":["post-388","post","type-post","status-publish","format-standard","has-post-thumbnail","hentry","category-frettir-2012"],"_links":{"self":[{"href":"https:\/\/www.sagnheimar.is\/en\/wp-json\/wp\/v2\/posts\/388","targetHints":{"allow":["GET"]}}],"collection":[{"href":"https:\/\/www.sagnheimar.is\/en\/wp-json\/wp\/v2\/posts"}],"about":[{"href":"https:\/\/www.sagnheimar.is\/en\/wp-json\/wp\/v2\/types\/post"}],"author":[{"embeddable":true,"href":"https:\/\/www.sagnheimar.is\/en\/wp-json\/wp\/v2\/users\/1"}],"replies":[{"embeddable":true,"href":"https:\/\/www.sagnheimar.is\/en\/wp-json\/wp\/v2\/comments?post=388"}],"version-history":[{"count":0,"href":"https:\/\/www.sagnheimar.is\/en\/wp-json\/wp\/v2\/posts\/388\/revisions"}],"wp:featuredmedia":[{"embeddable":true,"href":"https:\/\/www.sagnheimar.is\/en\/wp-json\/wp\/v2\/media\/389"}],"wp:attachment":[{"href":"https:\/\/www.sagnheimar.is\/en\/wp-json\/wp\/v2\/media?parent=388"}],"wp:term":[{"taxonomy":"category","embeddable":true,"href":"https:\/\/www.sagnheimar.is\/en\/wp-json\/wp\/v2\/categories?post=388"},{"taxonomy":"post_tag","embeddable":true,"href":"https:\/\/www.sagnheimar.is\/en\/wp-json\/wp\/v2\/tags?post=388"}],"curies":[{"name":"wp","href":"https:\/\/api.w.org\/{rel}","templated":true}]}}