{"id":412,"date":"2012-07-07T00:00:00","date_gmt":"2012-07-07T00:00:00","guid":{"rendered":"http:\/\/www.sagnheimar.is\/thorsteinn-th-viglundsson-i-lifandi-frasogn\/"},"modified":"2012-07-07T00:00:00","modified_gmt":"2012-07-07T00:00:00","slug":"thorsteinn-th-viglundsson-i-lifandi-frasogn","status":"publish","type":"post","link":"https:\/\/www.sagnheimar.is\/en\/thorsteinn-th-viglundsson-i-lifandi-frasogn\/","title":{"rendered":"\u00deorsteinn \u00de. V\u00edglundsson \u00ed lifandi fr\u00e1s\u00f6gn"},"content":{"rendered":"<div>\u00cd tilefni af 80 \u00e1ra bygg\u00f0asafnsins f\u00e6r\u00f0u afkomendur \u00deorsteins \u00de. V\u00edglundssonar bygg\u00f0asafni og Vestmannaeyingum \u00f6llum \u00f3metanlegt myndband fr\u00e1 \u00e1rinu 1981. \u00dear gengur \u00deorsteinn um gamla bygg\u00f0asafni\u00f0 og segir fr\u00e1 \u00fdmsum munum \u00far eigu safnsins. H\u00e9r er \u00fev\u00ed um \u00f3metanlegar heimildir a\u00f0 r\u00e6\u00f0a um s\u00f6gu Vestmannaeyja.<\/div>\n<div>&nbsp;<\/div>\n<div>Krist\u00edn og V\u00edglundur b\u00f6rn \u00deorsteins og Ingiger\u00f0ar \u00e1samt dr. \u00deorsteini Inga Sigf\u00fassyni, syni Krist\u00ednar, afhentu gj\u00f6fina og kynntu myndefni\u00f0.<\/div>\n<p><\/p>\n<div>Myndbandi\u00f0 er unni\u00f0 upp \u00far kvikmyndat\u00f6ku Sigf\u00fasar J. Johnsen, kennara og \u00e1hugamanns um kvikmyndun. Krist\u00edn \u00deorsteinsd\u00f3ttir, kona Sigf\u00fasar, hefur l\u00e1ti\u00f0 vinna uppt\u00f6kuna \u00ed s\u00fdningarh\u00e6ft form og er h\u00fan n\u00fa \u00f6llum opin \u00e1 Heimasl\u00f3\u00f0:<\/div>\n<div>&nbsp;<\/div>\n<div>http:\/\/heimaslod.is\/index.php\/Bygg%C3%B0asafn_Vestmannaeyja<\/div>\n<div>&nbsp;<\/div>\n<div>V\u00edglundur \u00de\u00f3r \u00deorsteinsson hefur einnig b\u00e6tt vi\u00f0 g\u00f3\u00f0um lista me\u00f0 tilv\u00edsunum \u00ed \u00edtarefni. H\u00e9r er \u00fev\u00ed um mikla og \u00f3metanlega \u00fatv\u00edkkun \u00e1 bygg\u00f0arsafninu a\u00f0 r\u00e6\u00f0a.<\/div>\n<div>&nbsp;<\/div>\n<div>&nbsp;<\/div>\n","protected":false},"excerpt":{"rendered":"<p>\u00cd tilefni af 80 \u00e1ra bygg\u00f0asafnsins f\u00e6r\u00f0u afkomendur \u00deorsteins \u00de. V\u00edglundssonar bygg\u00f0asafni og Vestmannaeyingum \u00f6llum \u00f3metanlegt myndband fr\u00e1 \u00e1rinu 1981. \u00dear gengur \u00deorsteinn um gamla bygg\u00f0asafni\u00f0 og segir fr\u00e1 \u00fdmsum<\/p>\n","protected":false},"author":1,"featured_media":291,"comment_status":"closed","ping_status":"open","sticky":false,"template":"","format":"standard","meta":{"footnotes":""},"categories":[10],"tags":[],"class_list":["post-412","post","type-post","status-publish","format-standard","has-post-thumbnail","hentry","category-frettir-2012"],"_links":{"self":[{"href":"https:\/\/www.sagnheimar.is\/en\/wp-json\/wp\/v2\/posts\/412","targetHints":{"allow":["GET"]}}],"collection":[{"href":"https:\/\/www.sagnheimar.is\/en\/wp-json\/wp\/v2\/posts"}],"about":[{"href":"https:\/\/www.sagnheimar.is\/en\/wp-json\/wp\/v2\/types\/post"}],"author":[{"embeddable":true,"href":"https:\/\/www.sagnheimar.is\/en\/wp-json\/wp\/v2\/users\/1"}],"replies":[{"embeddable":true,"href":"https:\/\/www.sagnheimar.is\/en\/wp-json\/wp\/v2\/comments?post=412"}],"version-history":[{"count":0,"href":"https:\/\/www.sagnheimar.is\/en\/wp-json\/wp\/v2\/posts\/412\/revisions"}],"wp:featuredmedia":[{"embeddable":true,"href":"https:\/\/www.sagnheimar.is\/en\/wp-json\/wp\/v2\/media\/291"}],"wp:attachment":[{"href":"https:\/\/www.sagnheimar.is\/en\/wp-json\/wp\/v2\/media?parent=412"}],"wp:term":[{"taxonomy":"category","embeddable":true,"href":"https:\/\/www.sagnheimar.is\/en\/wp-json\/wp\/v2\/categories?post=412"},{"taxonomy":"post_tag","embeddable":true,"href":"https:\/\/www.sagnheimar.is\/en\/wp-json\/wp\/v2\/tags?post=412"}],"curies":[{"name":"wp","href":"https:\/\/api.w.org\/{rel}","templated":true}]}}