{"id":421,"date":"2012-07-07T00:00:00","date_gmt":"2012-07-07T00:00:00","guid":{"rendered":"http:\/\/www.sagnheimar.is\/hatidardagskra-i-sagnheimum-byggdasafni-80-ara-afmaeli\/"},"modified":"2012-07-07T00:00:00","modified_gmt":"2012-07-07T00:00:00","slug":"hatidardagskra-i-sagnheimum-byggdasafni-80-ara-afmaeli","status":"publish","type":"post","link":"https:\/\/www.sagnheimar.is\/en\/hatidardagskra-i-sagnheimum-byggdasafni-80-ara-afmaeli\/","title":{"rendered":"H\u00e1t\u00ed\u00f0ardagskr\u00e1 \u00ed Sagnheimum, bygg\u00f0asafni &#8211; 80 \u00e1ra afm\u00e6li"},"content":{"rendered":"<div>Miki\u00f0 var um a\u00f0 vera \u00ed Sagnheimum \u00ed dag, er bygg\u00f0asafni\u00f0 fagna\u00f0i 80 \u00e1ra afm\u00e6li s\u00ednu. Frumkv\u00f6\u00f0ull safnsins, \u00deorsteinn \u00de. V\u00edglundsson, mi\u00f0a\u00f0i alltaf stofndag safnsins vi\u00f0 fyrsta gripinn sem hann f\u00e9kk \u00e1 vord\u00f6gum 1932, p\u00fa\u00f0urhorn gert \u00far nautshorni. <\/div>\n<div>&nbsp;<\/div>\n<div>Margt var g\u00f3\u00f0ra gesta sem kryddu\u00f0u afm\u00e6lisveisluna me\u00f0 \u00fdmsu m\u00f3ti en r\u00famlega hundra\u00f0 manns m\u00e6ttu \u00ed veisluna.<\/div>\n<p><\/p>\n","protected":false},"excerpt":{"rendered":"<p>Miki\u00f0 var um a\u00f0 vera \u00ed Sagnheimum \u00ed dag, er bygg\u00f0asafni\u00f0 fagna\u00f0i 80 \u00e1ra afm\u00e6li s\u00ednu. Frumkv\u00f6\u00f0ull safnsins, \u00deorsteinn \u00de. V\u00edglundsson, mi\u00f0a\u00f0i alltaf stofndag safnsins vi\u00f0 fyrsta gripinn sem hann<\/p>\n","protected":false},"author":1,"featured_media":422,"comment_status":"closed","ping_status":"open","sticky":false,"template":"","format":"standard","meta":{"footnotes":""},"categories":[10],"tags":[],"class_list":["post-421","post","type-post","status-publish","format-standard","has-post-thumbnail","hentry","category-frettir-2012"],"_links":{"self":[{"href":"https:\/\/www.sagnheimar.is\/en\/wp-json\/wp\/v2\/posts\/421","targetHints":{"allow":["GET"]}}],"collection":[{"href":"https:\/\/www.sagnheimar.is\/en\/wp-json\/wp\/v2\/posts"}],"about":[{"href":"https:\/\/www.sagnheimar.is\/en\/wp-json\/wp\/v2\/types\/post"}],"author":[{"embeddable":true,"href":"https:\/\/www.sagnheimar.is\/en\/wp-json\/wp\/v2\/users\/1"}],"replies":[{"embeddable":true,"href":"https:\/\/www.sagnheimar.is\/en\/wp-json\/wp\/v2\/comments?post=421"}],"version-history":[{"count":0,"href":"https:\/\/www.sagnheimar.is\/en\/wp-json\/wp\/v2\/posts\/421\/revisions"}],"wp:featuredmedia":[{"embeddable":true,"href":"https:\/\/www.sagnheimar.is\/en\/wp-json\/wp\/v2\/media\/422"}],"wp:attachment":[{"href":"https:\/\/www.sagnheimar.is\/en\/wp-json\/wp\/v2\/media?parent=421"}],"wp:term":[{"taxonomy":"category","embeddable":true,"href":"https:\/\/www.sagnheimar.is\/en\/wp-json\/wp\/v2\/categories?post=421"},{"taxonomy":"post_tag","embeddable":true,"href":"https:\/\/www.sagnheimar.is\/en\/wp-json\/wp\/v2\/tags?post=421"}],"curies":[{"name":"wp","href":"https:\/\/api.w.org\/{rel}","templated":true}]}}