{"id":441,"date":"2012-06-24T00:00:00","date_gmt":"2012-06-24T00:00:00","guid":{"rendered":"http:\/\/www.sagnheimar.is\/afmaelishatid-i-safnahusi-30-juni-8-juli-2012\/"},"modified":"2012-06-24T00:00:00","modified_gmt":"2012-06-24T00:00:00","slug":"afmaelishatid-i-safnahusi-30-juni-8-juli-2012","status":"publish","type":"post","link":"https:\/\/www.sagnheimar.is\/en\/afmaelishatid-i-safnahusi-30-juni-8-juli-2012\/","title":{"rendered":"Afm\u00e6lish\u00e1t\u00ed\u00f0 \u00ed Safnah\u00fasi 30. j\u00fan\u00ed &#8211; 8. j\u00fal\u00ed 2012"},"content":{"rendered":"<div>Samfelld afm\u00e6lish\u00e1t\u00ed\u00f0 ver\u00f0ur \u00ed Safnah\u00fasinu dagana 30. j\u00fan\u00ed &#8211; 8 j\u00fal\u00ed \u00ed tilefni af 150 \u00e1ra afm\u00e6li b\u00f3kasafns Vestmannaeyja og 80 \u00e1ra afm\u00e6lis Bygg\u00f0asafns Vestmannaeyja.<\/div>\n<div>&nbsp;<\/div>\n<div>Afm\u00e6lisdagskr\u00e1in er styrkt af Vestmannaeyjab\u00e6, Menningarr\u00e1\u00f0i Su\u00f0urlands og Sparisj\u00f3\u00f0i Vestmannaeyja.<\/div>\n<div>&nbsp;<\/div>\n<div>Dagskr\u00e1na m\u00e1 sj\u00e1 h\u00e9r.<\/div>\n<p><\/p>\n<div><u><strong>Laugardagur, 30. j\u00fan\u00ed:<\/strong><\/u><\/div>\n<div>\u00ed Einarsstofu eru myndir eftir J\u00f3hannes Sveinsson Kjarval.<\/div>\n<div>13:30 <em>H\u00e1t\u00ed\u00f0ardagskr\u00e1 \u00ed Einarsstofu vegna 150 \u00e1ra afm\u00e6lis B\u00f3kasafns Vestm.<\/em><\/div>\n<div>Elli\u00f0i Vignisson b\u00e6jarstj\u00f3ri. \u00c1varp.<\/div>\n<div>Ingibj\u00f6rg Steinunn Sverrisd\u00f3ttir landsb\u00f3kav\u00f6r\u00f0ur: Mark og mi\u00f0 Lestrarf\u00e9lags Vestmannaeyja.<\/div>\n<div>Dr. \u00c1g\u00fast Einarsson pr\u00f3fessor og fyrrverandi rektor: Hin n\u00fdja atvinnuh\u00e1ttabylting og B\u00f3kasafn Vestmannaeyja.<\/div>\n<div>Helgi Bern\u00f3dusson skrifstofustj\u00f3ri Al\u00feingis: Kj\u00f6tbollur og k\u00falt\u00far.<\/div>\n<div>Matth\u00edas johannessen sk\u00e1ld og dr. P\u00e9tur P\u00e9tursson pr\u00f3fessor: Kynning \u00e1 samstarfsverkefni um Dav\u00ed\u00f0ss\u00e1lma J\u00f3ns \u00deorsteinssonar p\u00edslarvotts.<\/div>\n<div>Afhj\u00fapun n\u00fds merkis B\u00f3kasafns Vestmannaeyja. H\u00f6nnu\u00f0urinn, Gunnar J\u00fal\u00edusson, \u00fatsk\u00fdrir hugmyndafr\u00e6\u00f0ina.<\/div>\n<div>Hildur S\u00f3lveig Sigur\u00f0ard\u00f3ttir forma\u00f0ur menningarm\u00e1lanefndar: Lokaor\u00f0.<\/div>\n<div>T\u00f3nlist: Kitt\u00fd Kov\u00e1cs (p\u00edan\u00f3) og Bal\u00e1zs Stankowsky (fi\u00f0la).<\/div>\n<div>16:00 H\u00e1t\u00ed\u00f0arkaffi \u00e1 safninu og dagskr\u00e1rlok.<\/div>\n<div>\u00cd<em> tilefni afm\u00e6lisvikunnar er bo\u00f0i\u00f0 upp \u00e1 \u00f3keypis b\u00f3kasafnssk\u00edrteini \u00ed b\u00f3kasafninu fyrstu vikuna \u00ed j\u00fal\u00ed. H\u00e6gt er a\u00f0 f\u00e1 sk\u00edrteini\u00f0 \u00f3keypis \u00ed eitt \u00e1r e\u00f0a framlengja um \u00e1r \u00f3keypis.Eina skilyr\u00f0i\u00f0 er a\u00f0 m\u00e6ta \u00e1 sta\u00f0inn!<\/em><\/div>\n<div>&nbsp;<\/div>\n<div><u><strong>Sunnudagur, 1. j\u00fal\u00ed:<\/strong><\/u><\/div>\n<div>\u00cd Einarsstofu eru myndir eftir J\u00f3hannes Sveinsson Kjarval.<\/div>\n<div>13:30 <em>Dagskr\u00e1 \u00ed Einarsstofu um ranns\u00f3knir \u00e1 menningararfi Vestmannaeyja.<\/em><\/div>\n<div>Sigur\u00f0ur E. Vilhelmsson forma\u00f0ur S\u00f6guseturs 1627: Menningarsagan &#8211; mestu ver\u00f0m\u00e6ti hvers bygg\u00f0arlags.<\/div>\n<div>Dr. M\u00e1r J\u00f3nsson pr\u00f3fessor: Eftirl\u00e1tnar eigur al\u00fe\u00fd\u00f0uf\u00f3lks \u00ed Eyjum \u00e1 19. \u00f6ld.<\/div>\n<div>Katr\u00edn Gunnarsd\u00f3ttir fornleifafr\u00e6\u00f0ingur: Fornleifar \u00ed landi Vestmannaeyja.<\/div>\n<div>Dr. Clarence E. Glad sj\u00e1lfst\u00e6tt starfandi fr\u00e6\u00f0ima\u00f0ur \u00ed RA: \u00cdmyndarsk\u00f6pun \u00ed Evr\u00f3pu \u00e1 d\u00f6gum ,,Tyrkja&#8221;-r\u00e1nsins.<\/div>\n<div>P\u00e1ll Marvin J\u00f3nsson framkv\u00e6mdastj\u00f3ri \u00deekkingarseturs: Lokaor\u00f0.<\/div>\n<div>15:00 Kaffi og dagskr\u00e1rlok.<\/div>\n<div>&nbsp;<\/div>\n<div><u><strong>M\u00e1nudagur, 2. j\u00fal\u00ed:<\/strong><\/u><\/div>\n<div>\u00cd Einarsstofu eru myndir eftir J\u00fal\u00ed\u00f6nu Sveinsd\u00f3ttur. F\u00e1g\u00e6tisb\u00f3kasafn Sveins J\u00f3nssonar dregi\u00f0 fran \u00e1samt munum \u00far eigu fj\u00f6lskyldunnar, n\u00fa \u00e1 bygg\u00f0asafni.<\/div>\n<div>13:00 <em>Dagskr\u00e1 \u00ed Einarsstofu til hei\u00f0urs Sveini J\u00f3nssyni elsta \u00ed V\u00f6lundi, Gu\u00f0r\u00fanu Run\u00f3lfsd\u00f3ttur og J\u00fal\u00ed\u00f6nu Sveinsd\u00f3ttur listakonu.<\/em><\/div>\n<div>Krist\u00edn Bragad\u00f3ttir doktorsnemi \u00ed sagnfr\u00e6\u00f0i: \u00c1str\u00ed\u00f0ufullur b\u00f3kasafnari.<\/div>\n<div>Hrafnhildur Schram listfr\u00e6\u00f0ingur: ,,\u00c9g vil heldur barninginn \u00ed n\u00e1tt\u00farunni.&#8221;<\/div>\n<div>Berglj\u00f3t Leifsd\u00f3ttir Mensuali fer\u00f0at\u00e6knir: \u00c6vi\u00e1grip um Svein J\u00f3nsson langafa minn, Gu\u00f0r\u00fanu Run\u00f3lfsd\u00f3ttur lang\u00f6mmu m\u00edna og stofnun V\u00f6lundar hf.<\/div>\n<div>T\u00f3nlist: Kitt\u00fd Kov\u00e1cs (p\u00edan\u00f3) og Bal\u00e1zs Stankowsky (fi\u00f0la).<\/div>\n<div>15:00 Kaffi og dagskr\u00e1rlok.<\/div>\n<div>&nbsp;<\/div>\n<div><u><strong>\u00deri\u00f0judagur, 3. j\u00fal\u00ed:<\/strong><\/u><\/div>\n<div>\u00cd Einarsstofu er s\u00fdningin B\u00f3kaver\u00f6ld barnanna.<\/div>\n<div>11:00 og 14:00 Opi\u00f0 h\u00fas. Starfsmenn lei\u00f0a gesti um leynda koma handan har\u00f0l\u00e6stra geymslna.<\/div>\n<div>15 Ing\u00f3lfsstofa. Kaffi me\u00f0 fyrrverandi starfsm\u00f6nnum.<\/div>\n<div>&nbsp;<\/div>\n<div><u><strong>Mi\u00f0vikudagur, 4. j\u00fal\u00ed:<\/strong><\/u><\/div>\n<div>11:00 og 14:00 Opi\u00f0 h\u00fas. Starfsmenn lei\u00f0a gesti um leynda koma handan har\u00f0l\u00e6stra geymslna.<\/div>\n<div>15:00 Einarsstofa. Opinn kynningarfundur um b\u00f3k \u00c1rna \u00c1rnasonar s\u00edmritara. Kalla\u00f0 eftir lei\u00f0r\u00e9ttingum, myndum af bjargvei\u00f0im\u00f6nnum o.fl.<\/div>\n<div>&nbsp;<\/div>\n<div><u><strong>Fimmtudagur, 5. j\u00fal\u00ed:<\/strong><\/u><\/div>\n<div>12:00 S\u00fapufundur \u00ed Sagnheimum, bygg\u00f0asafni.<\/div>\n<div>12.15 Una Margr\u00e9t J\u00f3nsd\u00f3ttir rith\u00f6fundur og \u00fe\u00e1ttager\u00f0astj\u00f3rnandi: Allir \u00ed leik, allir \u00ed leik.<\/div>\n<div>13:30 ,,G\u00f6mlu&#8221; leikirnir \u00e1 Stakk\u00f3 \u00ed samvinnu vi\u00f0 leiks\u00f3lana og mi\u00f0b\u00e6jarver\u00f0i. Opi\u00f0 b\u00f6rnum \u00e1 \u00f6llum aldri.<\/div>\n<div>&nbsp;<\/div>\n<div><u><strong>F\u00f6studagur, 6. j\u00fal\u00ed:<\/strong><\/u><\/div>\n<div>15:00 Ing\u00f3lfsstofa: Opinn fundur me\u00f0 Atla \u00c1smundssyni r\u00e6\u00f0ismanni \u00cdslands \u00ed Kanada og f\u00e9lagi \u00e1hugamanna um ranns\u00f3knir \u00e1 s\u00f6gu Vestmannaeyinga \u00ed Vesturheimi og afkomenda \u00feeirra.<\/div>\n<div>16:00 Einarsstofa. Opnun \u00e1 s\u00fdningu J\u00f3ns \u00d3skars.<\/div>\n<div>&nbsp;<\/div>\n<div><u><strong>Laugardagur, 7. j\u00fal\u00ed:<\/strong><\/u><\/div>\n<div>16:00 <em>H\u00e1t\u00ed\u00f0adagskr\u00e1 \u00ed Sagnheimum vegna 80 \u00e1ra afm\u00e6lis Bygg\u00f0asafns Vestmannaeyja.<\/em><\/div>\n<div>Elli\u00f0i Vignisson b\u00e6jarstj\u00f3ri: \u00c1varp.<\/div>\n<div>\u00de\u00f3r\u00f0ur T\u00f3masson \u00ed Sk\u00f3gum: Feta\u00f0 til fort\u00ed\u00f0ar.<\/div>\n<div>Gu\u00f0j\u00f3n \u00c1rmann Eyj\u00f3lfsson fyrrverandi sk\u00f3lameistari: Eyj\u00f3lfur fr\u00e1 Bessast\u00f6\u00f0um.<\/div>\n<div>P\u00e1ll Marvin J\u00f3nsson framkv\u00e6mdastj\u00f3ri \u00deekkingaseturs: Bygg\u00f0asafni\u00f0 \u00ed fort\u00ed\u00f0 og n\u00fat\u00ed\u00f0.<\/div>\n<div>\u00c1rni Sigf\u00fasson b\u00e6jarstj\u00f3ri \u00ed Reykjanesb\u00e6: T\u00edminn og taurullur hvunndagshetjanna.<\/div>\n<div>Krist\u00edn og V\u00edglundur \u00deorsteinsb\u00f6rn og dr. \u00deorsteinn Ingi Sigf\u00fasson pr\u00f3fessor kynna myndbanduppt\u00f6ku fr\u00e1 \u00e1rinu 1981 \u00fear sem \u00deorsteinn \u00de. V\u00edglundsson gengur um sali bygg\u00f0asafns og l\u00fdsir \u00fev\u00ed sem fyrir augu ber. Spila\u00f0ur er 10 m\u00edn. b\u00fatur.<\/div>\n<div>Hildur S\u00f3lveig Sigur\u00f0ard\u00f3ttir forma\u00f0ur menningarm\u00e1lanefndar: Lokaor\u00f0.<\/div>\n<div>T\u00f3nlist: Kitt\u00fd Kov\u00e1cs (p\u00edan\u00f3), Bal\u00e1zs Stankowsky (fi\u00f0la), Geir J\u00f3n \u00de\u00f3risson (s\u00f6ngur).<\/div>\n<div>18:00 H\u00e1t\u00ed\u00f0arkaffi \u00e1 safninu og dagskr\u00e1rlok.<\/div>\n<div>&nbsp;<\/div>\n<div><strong><u>Sunnudagur, 8. j\u00fal\u00ed &#8211; \u00edslenski safnadagurinn &#8211; \u00f3keypis a\u00f0gangur a\u00f0 bygg\u00f0asafni.<\/u><\/strong><\/div>\n<div>11:00-17:00 \u00deorsteinn \u00de. V\u00edglundsson \u00ed lifandi myndum. Myndbandsupptaka Sigf\u00fasar Johnsen fr\u00e1 \u00e1rinu 1981 \u00fear sem \u00deorsteinn gengur um sali bygg\u00f0asafns og l\u00fdsir \u00fev\u00ed sem fyrir augu ber. Myndbandi\u00f0 r\u00fallar allan daginn.<\/div>\n<div>15:00&nbsp; Lj\u00f3\u00f0adagskr\u00e1 \u00ed Einarsstofu.<\/div>\n<div>Pjetur Hafstein L\u00e1russon les \u00far n\u00fd\u00fatkomnu lj\u00f3\u00f0asafni s\u00ednu.<\/div>\n<div>16:00 Kaffi og dagskr\u00e1rlok.<\/div>\n<div>&nbsp;<\/div>\n<div>&nbsp;<\/div>\n<div>&nbsp;<\/div>\n<div>&nbsp;<\/div>\n<div>&nbsp;<\/div>\n","protected":false},"excerpt":{"rendered":"<p>Samfelld afm\u00e6lish\u00e1t\u00ed\u00f0 ver\u00f0ur \u00ed Safnah\u00fasinu dagana 30. j\u00fan\u00ed &#8211; 8 j\u00fal\u00ed \u00ed tilefni af 150 \u00e1ra afm\u00e6li b\u00f3kasafns Vestmannaeyja og 80 \u00e1ra afm\u00e6lis Bygg\u00f0asafns Vestmannaeyja. &nbsp; Afm\u00e6lisdagskr\u00e1in er styrkt af<\/p>\n","protected":false},"author":1,"featured_media":0,"comment_status":"closed","ping_status":"open","sticky":false,"template":"","format":"standard","meta":{"footnotes":""},"categories":[10],"tags":[],"class_list":["post-441","post","type-post","status-publish","format-standard","hentry","category-frettir-2012"],"_links":{"self":[{"href":"https:\/\/www.sagnheimar.is\/en\/wp-json\/wp\/v2\/posts\/441","targetHints":{"allow":["GET"]}}],"collection":[{"href":"https:\/\/www.sagnheimar.is\/en\/wp-json\/wp\/v2\/posts"}],"about":[{"href":"https:\/\/www.sagnheimar.is\/en\/wp-json\/wp\/v2\/types\/post"}],"author":[{"embeddable":true,"href":"https:\/\/www.sagnheimar.is\/en\/wp-json\/wp\/v2\/users\/1"}],"replies":[{"embeddable":true,"href":"https:\/\/www.sagnheimar.is\/en\/wp-json\/wp\/v2\/comments?post=441"}],"version-history":[{"count":0,"href":"https:\/\/www.sagnheimar.is\/en\/wp-json\/wp\/v2\/posts\/441\/revisions"}],"wp:attachment":[{"href":"https:\/\/www.sagnheimar.is\/en\/wp-json\/wp\/v2\/media?parent=441"}],"wp:term":[{"taxonomy":"category","embeddable":true,"href":"https:\/\/www.sagnheimar.is\/en\/wp-json\/wp\/v2\/categories?post=441"},{"taxonomy":"post_tag","embeddable":true,"href":"https:\/\/www.sagnheimar.is\/en\/wp-json\/wp\/v2\/tags?post=441"}],"curies":[{"name":"wp","href":"https:\/\/api.w.org\/{rel}","templated":true}]}}