{"id":51,"date":"2016-12-05T00:00:00","date_gmt":"2016-12-05T00:00:00","guid":{"rendered":"http:\/\/www.sagnheimar.is\/safnahus-gomlu-jolasveinarnir-i-nyjum-fotum\/"},"modified":"2016-12-05T00:00:00","modified_gmt":"2016-12-05T00:00:00","slug":"safnahus-gomlu-jolasveinarnir-i-nyjum-fotum","status":"publish","type":"post","link":"https:\/\/www.sagnheimar.is\/en\/safnahus-gomlu-jolasveinarnir-i-nyjum-fotum\/","title":{"rendered":"Safnah\u00fas. G\u00f6mlu j\u00f3lasveinarnir \u00ed n\u00fdjum f\u00f6tum"},"content":{"rendered":"<p>N\u00fa er j\u00f3laundirb\u00faningur \u00e1 fullu \u00ed Safnah\u00fasinu okkar. J\u00f3lab\u00e6kurnar streyma inn \u00e1 b\u00f3kasafni\u00f0 og starfsmenn geta ekki hami\u00f0 sig \u00ed j\u00f3laf\u00f6ndrinu.\u00cd Einarsstofu er n\u00fa einst\u00f6k s\u00fdning \u00e1 g\u00f6mlu j\u00f3lasveinunum. \u00c1ri\u00f0 1998 efndi \u00dej\u00f3\u00f0minjasafni\u00f0 til samkeppni um h\u00f6nnun \u00e1 fatna\u00f0i \u00e1 sveinana sem g\u00e6ti endurspegla\u00f0 \u00feann fatna\u00f0 sem \u00feeir kl\u00e6ddust \u00e1\u00f0ur en \u00feeir s\u00e1u K\u00f3k augl\u00fdsingarnar og f\u00f3ru a\u00f0 kl\u00e6\u00f0ast rau\u00f0u. \u00cd Einarsstofu m\u00e1 n\u00fa sj\u00e1 vinningstill\u00f6guna sem ger\u00f0 var&nbsp;af <strong>Brynd\u00edsi Gunnarsd\u00f3ttur. <\/strong>B\u00faningar voru s\u00ed\u00f0an sauma\u00f0ir eftir \u00feessari till\u00f6gu og kl\u00e6\u00f0ast j\u00f3lasveinarnir \u00feeim \u00feegar \u00feeir heims\u00e6kja \u00dej\u00f3\u00f0minjasafni\u00f0, svona alveg spari. \u00c1 \u00feessari s\u00fdningu mynda j\u00f3lasveinarnir nokkurs konar j\u00f3lasveinadagatal og mun hver og einn vera kynntur s\u00e9rstaklega \u00feegar \u00feeir koma til bygg\u00f0a. &nbsp;S\u00fdninguna l\u00e1na\u00f0i Brynd\u00eds Sagnheimum og \u00fe\u00f6kkum vi\u00f0 henni k\u00e6rlega fyrir!<\/p>\n<p><\/p>\n","protected":false},"excerpt":{"rendered":"<p>N\u00fa er j\u00f3laundirb\u00faningur \u00e1 fullu \u00ed Safnah\u00fasinu okkar. J\u00f3lab\u00e6kurnar streyma inn \u00e1 b\u00f3kasafni\u00f0 og starfsmenn geta ekki hami\u00f0 sig \u00ed j\u00f3laf\u00f6ndrinu.\u00cd Einarsstofu er n\u00fa einst\u00f6k s\u00fdning \u00e1 g\u00f6mlu j\u00f3lasveinunum. \u00c1ri\u00f0<\/p>\n","protected":false},"author":1,"featured_media":52,"comment_status":"closed","ping_status":"open","sticky":false,"template":"","format":"standard","meta":{"footnotes":""},"categories":[6],"tags":[],"class_list":["post-51","post","type-post","status-publish","format-standard","has-post-thumbnail","hentry","category-frettir-2016"],"_links":{"self":[{"href":"https:\/\/www.sagnheimar.is\/en\/wp-json\/wp\/v2\/posts\/51","targetHints":{"allow":["GET"]}}],"collection":[{"href":"https:\/\/www.sagnheimar.is\/en\/wp-json\/wp\/v2\/posts"}],"about":[{"href":"https:\/\/www.sagnheimar.is\/en\/wp-json\/wp\/v2\/types\/post"}],"author":[{"embeddable":true,"href":"https:\/\/www.sagnheimar.is\/en\/wp-json\/wp\/v2\/users\/1"}],"replies":[{"embeddable":true,"href":"https:\/\/www.sagnheimar.is\/en\/wp-json\/wp\/v2\/comments?post=51"}],"version-history":[{"count":0,"href":"https:\/\/www.sagnheimar.is\/en\/wp-json\/wp\/v2\/posts\/51\/revisions"}],"wp:featuredmedia":[{"embeddable":true,"href":"https:\/\/www.sagnheimar.is\/en\/wp-json\/wp\/v2\/media\/52"}],"wp:attachment":[{"href":"https:\/\/www.sagnheimar.is\/en\/wp-json\/wp\/v2\/media?parent=51"}],"wp:term":[{"taxonomy":"category","embeddable":true,"href":"https:\/\/www.sagnheimar.is\/en\/wp-json\/wp\/v2\/categories?post=51"},{"taxonomy":"post_tag","embeddable":true,"href":"https:\/\/www.sagnheimar.is\/en\/wp-json\/wp\/v2\/tags?post=51"}],"curies":[{"name":"wp","href":"https:\/\/api.w.org\/{rel}","templated":true}]}}