{"id":53,"date":"2016-11-16T00:00:00","date_gmt":"2016-11-16T00:00:00","guid":{"rendered":"http:\/\/www.sagnheimar.is\/sagnheimar-munir-i-geymslu\/"},"modified":"2016-11-16T00:00:00","modified_gmt":"2016-11-16T00:00:00","slug":"sagnheimar-munir-i-geymslu","status":"publish","type":"post","link":"https:\/\/www.sagnheimar.is\/en\/sagnheimar-munir-i-geymslu\/","title":{"rendered":"Sagnheimar &#8211; munir \u00ed geymslu"},"content":{"rendered":"<p>Heilmiki\u00f0 \u00e1tak hefur veri\u00f0 gert \u00ed skr\u00e1ningu safngripa Sagnheima \u00e1 \u00feessu \u00e1ri. Safnar\u00e1\u00f0 veitti styrk til verkefnisins og hefur G\u00edgja \u00d3skarsd\u00f3ttir \u00fej\u00f3\u00f0fr\u00e6\u00f0ingur dvali\u00f0 langdv\u00f6lum \u00ed geymslum safnsins. \u00cd s\u00ed\u00f0ustu viku vannst svo enn eitt skref \u00ed bar\u00e1ttunni um betra l\u00edf gripa Sagnheima \u00feegar n\u00fdtt geymsluh\u00fasn\u00e6\u00f0i var gert kl\u00e1rt og hluta af &#8220;st\u00f3rgripum&#8221; safnsins komi\u00f0 fyrir \u00ed merktum hillum. Oft heyr\u00f0ust fagna\u00f0arhr\u00f3p \u00feegar kynni voru endurn\u00fdju\u00f0 vi\u00f0 gamla gripi sem ekki h\u00f6f\u00f0u veri\u00f0 handleiknir alllengi. St\u00f3rt skref stigi\u00f0 &#8211; en heilmiki\u00f0 eftir \u00f3unni\u00f0 enn. \u00c1&nbsp;me\u00f0fylgjandi mynd m\u00e1 sj\u00e1 fyrsta vatnskl\u00f3settkassann sem settur var upp \u00ed Brei\u00f0abliki \u00e1&nbsp;heimili G\u00edsla J. Johnsens.<\/p>\n<p><\/p>\n","protected":false},"excerpt":{"rendered":"<p>Heilmiki\u00f0 \u00e1tak hefur veri\u00f0 gert \u00ed skr\u00e1ningu safngripa Sagnheima \u00e1 \u00feessu \u00e1ri. Safnar\u00e1\u00f0 veitti styrk til verkefnisins og hefur G\u00edgja \u00d3skarsd\u00f3ttir \u00fej\u00f3\u00f0fr\u00e6\u00f0ingur dvali\u00f0 langdv\u00f6lum \u00ed geymslum safnsins. \u00cd s\u00ed\u00f0ustu viku<\/p>\n","protected":false},"author":1,"featured_media":54,"comment_status":"closed","ping_status":"open","sticky":false,"template":"","format":"standard","meta":{"footnotes":""},"categories":[6],"tags":[],"class_list":["post-53","post","type-post","status-publish","format-standard","has-post-thumbnail","hentry","category-frettir-2016"],"_links":{"self":[{"href":"https:\/\/www.sagnheimar.is\/en\/wp-json\/wp\/v2\/posts\/53","targetHints":{"allow":["GET"]}}],"collection":[{"href":"https:\/\/www.sagnheimar.is\/en\/wp-json\/wp\/v2\/posts"}],"about":[{"href":"https:\/\/www.sagnheimar.is\/en\/wp-json\/wp\/v2\/types\/post"}],"author":[{"embeddable":true,"href":"https:\/\/www.sagnheimar.is\/en\/wp-json\/wp\/v2\/users\/1"}],"replies":[{"embeddable":true,"href":"https:\/\/www.sagnheimar.is\/en\/wp-json\/wp\/v2\/comments?post=53"}],"version-history":[{"count":0,"href":"https:\/\/www.sagnheimar.is\/en\/wp-json\/wp\/v2\/posts\/53\/revisions"}],"wp:featuredmedia":[{"embeddable":true,"href":"https:\/\/www.sagnheimar.is\/en\/wp-json\/wp\/v2\/media\/54"}],"wp:attachment":[{"href":"https:\/\/www.sagnheimar.is\/en\/wp-json\/wp\/v2\/media?parent=53"}],"wp:term":[{"taxonomy":"category","embeddable":true,"href":"https:\/\/www.sagnheimar.is\/en\/wp-json\/wp\/v2\/categories?post=53"},{"taxonomy":"post_tag","embeddable":true,"href":"https:\/\/www.sagnheimar.is\/en\/wp-json\/wp\/v2\/tags?post=53"}],"curies":[{"name":"wp","href":"https:\/\/api.w.org\/{rel}","templated":true}]}}