{"id":6,"date":"2017-11-01T00:00:00","date_gmt":"2017-11-01T00:00:00","guid":{"rendered":"http:\/\/www.sagnheimar.is\/safnahelgin-2017-dagskra\/"},"modified":"2017-11-01T00:00:00","modified_gmt":"2017-11-01T00:00:00","slug":"safnahelgin-2017-dagskra","status":"publish","type":"post","link":"https:\/\/www.sagnheimar.is\/en\/safnahelgin-2017-dagskra\/","title":{"rendered":"Safnahelgin 2017 &#8211; dagskr\u00e1"},"content":{"rendered":"<p><strong>Dagskr\u00e1 safnahelgar \u00ed Vestmannaeyjum 2.-5. n\u00f3vember 2017:<\/strong><\/p>\n<p><strong>Fimmtudagur:<\/strong><\/p>\n<p>kl.&nbsp;13:30-15:30 Safnah\u00fas: Lj\u00f3smyndadagur Safnah\u00fass: \u00d3nafnkenndar myndir \u00far safni Kjartans Gu\u00f0mundssonar.<\/p>\n<p>kl. 15:30 Sagnheimar: St\u00f3llinn hans Kjartans &#8211; opnun s\u00fdningar \u00ed P\u00e1lsstofu. Hvers vir\u00f0i eru munir \u00e1n s\u00f6gu?<\/p>\n<p>Kl. 16:30 Stafkirkjan: Setning Safnahelgar. Krist\u00edn Halld\u00f3rsd\u00f3ttir syngur vi\u00f0 undirleik Kitty Kov\u00e1cs.<\/p>\n<p>kl. 17:30 Sagnheimar: Krist\u00edn J\u00f3hannsd\u00f3ttir: Ekki gleyma m\u00e9r. \u00datg\u00e1fuh\u00f3f, allir velkomnir.<\/p>\n<p><strong>F\u00f6studagur:<\/strong><\/p>\n<p>kl. 15:00 S\u00e6heimar: Opnun lj\u00f3smyndas\u00fdningar \u00far pysjueftirlitinu 2017.<\/p>\n<p>kl. 16:00 Slippurinn: Opnun myndlistas\u00fdningar \u00c1st\u00fe\u00f3rs Hafd\u00edsarsonar.<\/p>\n<p>kl. 17:00 Eldheimar: G\u00edsli P\u00e1lsson: Fjalli\u00f0 sem ypti \u00f6xlum. \u00datg\u00e1fuh\u00f3f, allir hjartanlega velkomnir.<\/p>\n<p>kl. 18:00 Einarsstofa: Vita brevis. Opnun myndlistars\u00fdningar Perlu Kristins.<\/p>\n<p><strong>Laugardagur:<\/strong><\/p>\n<p>kl. 13:00-15:00 Einarsstofa: B\u00f3kaforlagi\u00f0 Salka kynnir \u00fatg\u00e1fub\u00e6kur 2017 og S\u00f3lveig P\u00e1lsd\u00f3ttir, Stef\u00e1n G\u00edslason og S\u00f6lvi Bj\u00f6rn Sigur\u00f0sson lesa og kynna n\u00fdjar b\u00e6kur s\u00ednar.<\/p>\n<p>kl. 21:00 Eldheimar: Arn\u00f3r og Helga flytja t\u00f3nlist Peter, Paul og Mary. S\u00f6guma\u00f0ur Einar Gylfi J\u00f3nsson. A\u00f0gangseyrir kr. 1.000.<\/p>\n<p><strong>Sunnudagur:<\/strong><\/p>\n<p>kl. 12:00 Sagnheimar: Saga og s\u00fapa: Anna K. Kristj\u00e1nsd\u00f3ttir&nbsp;les og kynnir n\u00fd\u00fatkomna b\u00f3k s\u00edna, Anna &#8211; eins og \u00e9g er.<\/p>\n<p><\/p>\n","protected":false},"excerpt":{"rendered":"<p>Dagskr\u00e1 safnahelgar \u00ed Vestmannaeyjum 2.-5. n\u00f3vember 2017: Fimmtudagur: kl.&nbsp;13:30-15:30 Safnah\u00fas: Lj\u00f3smyndadagur Safnah\u00fass: \u00d3nafnkenndar myndir \u00far safni Kjartans Gu\u00f0mundssonar. kl. 15:30 Sagnheimar: St\u00f3llinn hans Kjartans &#8211; opnun s\u00fdningar \u00ed P\u00e1lsstofu. Hvers<\/p>\n","protected":false},"author":1,"featured_media":7,"comment_status":"closed","ping_status":"open","sticky":false,"template":"","format":"standard","meta":{"footnotes":""},"categories":[5],"tags":[],"class_list":["post-6","post","type-post","status-publish","format-standard","has-post-thumbnail","hentry","category-frettir-2017"],"_links":{"self":[{"href":"https:\/\/www.sagnheimar.is\/en\/wp-json\/wp\/v2\/posts\/6","targetHints":{"allow":["GET"]}}],"collection":[{"href":"https:\/\/www.sagnheimar.is\/en\/wp-json\/wp\/v2\/posts"}],"about":[{"href":"https:\/\/www.sagnheimar.is\/en\/wp-json\/wp\/v2\/types\/post"}],"author":[{"embeddable":true,"href":"https:\/\/www.sagnheimar.is\/en\/wp-json\/wp\/v2\/users\/1"}],"replies":[{"embeddable":true,"href":"https:\/\/www.sagnheimar.is\/en\/wp-json\/wp\/v2\/comments?post=6"}],"version-history":[{"count":0,"href":"https:\/\/www.sagnheimar.is\/en\/wp-json\/wp\/v2\/posts\/6\/revisions"}],"wp:featuredmedia":[{"embeddable":true,"href":"https:\/\/www.sagnheimar.is\/en\/wp-json\/wp\/v2\/media\/7"}],"wp:attachment":[{"href":"https:\/\/www.sagnheimar.is\/en\/wp-json\/wp\/v2\/media?parent=6"}],"wp:term":[{"taxonomy":"category","embeddable":true,"href":"https:\/\/www.sagnheimar.is\/en\/wp-json\/wp\/v2\/categories?post=6"},{"taxonomy":"post_tag","embeddable":true,"href":"https:\/\/www.sagnheimar.is\/en\/wp-json\/wp\/v2\/tags?post=6"}],"curies":[{"name":"wp","href":"https:\/\/api.w.org\/{rel}","templated":true}]}}