{"id":61,"date":"2016-10-07T00:00:00","date_gmt":"2016-10-07T00:00:00","guid":{"rendered":"http:\/\/www.sagnheimar.is\/sagnheimar-dagskra-um-eyjahjartad-frestad\/"},"modified":"2016-10-07T00:00:00","modified_gmt":"2016-10-07T00:00:00","slug":"sagnheimar-dagskra-um-eyjahjartad-frestad","status":"publish","type":"post","link":"https:\/\/www.sagnheimar.is\/en\/sagnheimar-dagskra-um-eyjahjartad-frestad\/","title":{"rendered":"Sagnheimar &#8211; dagskr\u00e1 um Eyjahjarta\u00f0 fresta\u00f0!"},"content":{"rendered":"<p><strong>\u00dev\u00ed mi\u00f0ur \u00fearf a\u00f0 fresta \u00e1\u00f0ur augl\u00fdstri dagskr\u00e1 sem vera \u00e1tti n\u00fa \u00e1 sunnudag um Eyjahjarta\u00f0 um \u00f3\u00e1kve\u00f0inn t\u00edma.&nbsp;<\/strong><\/p>\n<p><\/p>\n","protected":false},"excerpt":{"rendered":"<p>\u00dev\u00ed mi\u00f0ur \u00fearf a\u00f0 fresta \u00e1\u00f0ur augl\u00fdstri dagskr\u00e1 sem vera \u00e1tti n\u00fa \u00e1 sunnudag um Eyjahjarta\u00f0 um \u00f3\u00e1kve\u00f0inn t\u00edma.&nbsp;<\/p>\n","protected":false},"author":1,"featured_media":0,"comment_status":"closed","ping_status":"open","sticky":false,"template":"","format":"standard","meta":{"footnotes":""},"categories":[6],"tags":[],"class_list":["post-61","post","type-post","status-publish","format-standard","hentry","category-frettir-2016"],"_links":{"self":[{"href":"https:\/\/www.sagnheimar.is\/en\/wp-json\/wp\/v2\/posts\/61","targetHints":{"allow":["GET"]}}],"collection":[{"href":"https:\/\/www.sagnheimar.is\/en\/wp-json\/wp\/v2\/posts"}],"about":[{"href":"https:\/\/www.sagnheimar.is\/en\/wp-json\/wp\/v2\/types\/post"}],"author":[{"embeddable":true,"href":"https:\/\/www.sagnheimar.is\/en\/wp-json\/wp\/v2\/users\/1"}],"replies":[{"embeddable":true,"href":"https:\/\/www.sagnheimar.is\/en\/wp-json\/wp\/v2\/comments?post=61"}],"version-history":[{"count":0,"href":"https:\/\/www.sagnheimar.is\/en\/wp-json\/wp\/v2\/posts\/61\/revisions"}],"wp:attachment":[{"href":"https:\/\/www.sagnheimar.is\/en\/wp-json\/wp\/v2\/media?parent=61"}],"wp:term":[{"taxonomy":"category","embeddable":true,"href":"https:\/\/www.sagnheimar.is\/en\/wp-json\/wp\/v2\/categories?post=61"},{"taxonomy":"post_tag","embeddable":true,"href":"https:\/\/www.sagnheimar.is\/en\/wp-json\/wp\/v2\/tags?post=61"}],"curies":[{"name":"wp","href":"https:\/\/api.w.org\/{rel}","templated":true}]}}